{"id":6153,"date":"2025-11-10T09:26:06","date_gmt":"2025-11-10T08:26:06","guid":{"rendered":"https:\/\/www.lov.li\/?p=6153"},"modified":"2025-11-18T11:50:28","modified_gmt":"2025-11-18T10:50:28","slug":"der-weissrueckenspecht-dem-seltensten-specht-liechtensteins-auf-der-spur","status":"publish","type":"post","link":"https:\/\/www.lov.li\/?p=6153","title":{"rendered":"Der Weissr\u00fcckenspecht &#8211; dem seltensten Specht Liechtensteins auf der Spur"},"content":{"rendered":"\n\n\n<p><strong>Vortrag von Dr. Antonia Ettwein, <\/strong><strong>am 14. November 2025, 19.00 Uhr, mit anschliessendem kleinen Ap\u00e9ritiv, <\/strong><strong>im Kulturhaus R\u00f6ssle, Peter- und Paul-Strasse 43, 9493 Mauren<\/strong>.<\/p>\n\n\n\n<div class=\"wp-block-media-text is-stacked-on-mobile\"><figure class=\"wp-block-media-text__media\"><a href=\"https:\/\/www.lov.li\/wp-content\/uploads\/Weissrueckenspecht.gif\" target=\"_blank\" rel=\" noreferrer noopener\"><img loading=\"lazy\" decoding=\"async\" width=\"443\" height=\"589\" src=\"https:\/\/www.lov.li\/wp-content\/uploads\/Weissrueckenspecht.gif\" alt=\"\" class=\"wp-image-6150 size-full\"\/><\/a><\/figure><div class=\"wp-block-media-text__content\">\n<p>Es war eine kleine Sensation, als 1981 erstmals in Liechtenstein eine achte Spechtart nachgewiesen werden konnte, nachdem in Vorarlberg der Erstnachweis 1975 erfolgte. Die Erstbeobachtung erfolgte am Zigerberg im Saminatal. In der Schweiz dauerte es nochmals 15 Jahre, ehe 1996 der Weissr\u00fcckenspecht erstmals im Schanfigg nachgewiesen wurde<\/p>\n\n\n\n\n\n<!--more-->\n<\/div><\/div>\n\n\n\n<p><\/p>\n\n\n\n<p>Bis heute hat sich die Art weiter ausgebreitet, kommt bei uns sowohl im Alpengebiet wie auch an den rheintalseitigen Hanglagen vor. Auch in der Schweiz hat sich die Art neben dem Hauptverbreitungsgebiet im Pr\u00e4ttigau und B\u00fcndner Rheintal weiter nach Westen ausgebreitet.<br \/>Bevorzugter Lebensraum des Weissr\u00fcckenspechts ist der Laub- und Mischwald mit viel Totholz in mittleren H\u00f6henlagen zwischen 800 und 1200 m, vorzugsweise mit s\u00fcdexponierter Hanglage. Die Spechtart gilt als Schirmart f\u00fcr viele andere Organismen, die auf alte W\u00e4lder angewiesen sind. Das bedeutet, dass diese Arten wie bedrohte Totholzk\u00e4fer von Massnahmen profitieren, die zugunsten des Weissr\u00fcckenspechts umgesetzt werden.<br \/>Doch wie ist es m\u00f6glich, dass sich der Weissr\u00fcckenspecht bei uns halten kann, sogar im bewirtschafteten Wald? Welche Lebensr\u00e4ume nutzt der Specht w\u00e4hrend und ausserhalb der Brutzeit? Diesen Fragen ging Antonia Ettwein in einer grossangelegten Untersuchung nach. Dazu wurden viele Spechte in Vorarlberg, der Ostschweiz und in Liechtenstein, auch im Wald am Maurerberg, besendert. Dies erm\u00f6glichte der Forscherin, die besenderten Individuen immer wieder aufzusp\u00fcren und sie in ihrem Lebensraum und bei ihrer Nahrungssuche zu beobachten. Die Arbeit wurde mit dem Forschungspreis 2024 der Hintermann und Weber AG ausgezeichnet.<br \/>\u00dcber die Resultate dieser Forschung wird Antonia Ettwein anl\u00e4sslich eines Vortrags am 14. November im Kulturhaus R\u00f6ssle berichten (siehe Kasten), auch inwiefern die Erkenntnisse dazu beitragen k\u00f6nnen, das Lebensraumangebot f\u00fcr den Weissr\u00fcckenspecht zu verbessern.<br \/><a href=\"https:\/\/www.lov.li\/wp-content\/uploads\/Vortrag-Ettwein-Weissrueckenspecht.pdf\" target=\"_blank\" rel=\"noopener\">Flyer Vortrag Weissr\u00fcckenspecht 2025<\/a><\/p>\n","protected":false},"excerpt":{"rendered":"<p>Vortrag von Dr. Antonia Ettwein, am 14. November 2025, 19.00 Uhr, mit anschliessendem kleinen Ap\u00e9ritiv, im Kulturhaus R\u00f6ssle, Peter- und Paul-Strasse 43, 9493 Mauren.<\/p>\n","protected":false},"author":1,"featured_media":0,"comment_status":"closed","ping_status":"closed","sticky":false,"template":"","format":"standard","meta":{"_uag_custom_page_level_css":"","footnotes":""},"categories":[3,4],"tags":[],"class_list":["post-6153","post","type-post","status-publish","format-standard","hentry","category-aktivitaeten-nvs","category-blick-in-die-vogelwelt"],"uagb_featured_image_src":{"full":false,"thumbnail":false,"medium":false,"medium_large":false,"large":false,"1536x1536":false,"2048x2048":false,"twentyseventeen-featured-image":false,"twentyseventeen-thumbnail-avatar":false},"uagb_author_info":{"display_name":"admin","author_link":"https:\/\/www.lov.li\/?author=1"},"uagb_comment_info":0,"uagb_excerpt":"Vortrag von Dr. Antonia Ettwein, am 14. November 2025, 19.00 Uhr, mit anschliessendem kleinen Ap\u00e9ritiv, im Kulturhaus R\u00f6ssle, Peter- und Paul-Strasse 43, 9493 Mauren.","_links":{"self":[{"href":"https:\/\/www.lov.li\/index.php?rest_route=\/wp\/v2\/posts\/6153","targetHints":{"allow":["GET"]}}],"collection":[{"href":"https:\/\/www.lov.li\/index.php?rest_route=\/wp\/v2\/posts"}],"about":[{"href":"https:\/\/www.lov.li\/index.php?rest_route=\/wp\/v2\/types\/post"}],"author":[{"embeddable":true,"href":"https:\/\/www.lov.li\/index.php?rest_route=\/wp\/v2\/users\/1"}],"replies":[{"embeddable":true,"href":"https:\/\/www.lov.li\/index.php?rest_route=%2Fwp%2Fv2%2Fcomments&post=6153"}],"version-history":[{"count":7,"href":"https:\/\/www.lov.li\/index.php?rest_route=\/wp\/v2\/posts\/6153\/revisions"}],"predecessor-version":[{"id":6161,"href":"https:\/\/www.lov.li\/index.php?rest_route=\/wp\/v2\/posts\/6153\/revisions\/6161"}],"wp:attachment":[{"href":"https:\/\/www.lov.li\/index.php?rest_route=%2Fwp%2Fv2%2Fmedia&parent=6153"}],"wp:term":[{"taxonomy":"category","embeddable":true,"href":"https:\/\/www.lov.li\/index.php?rest_route=%2Fwp%2Fv2%2Fcategories&post=6153"},{"taxonomy":"post_tag","embeddable":true,"href":"https:\/\/www.lov.li\/index.php?rest_route=%2Fwp%2Fv2%2Ftags&post=6153"}],"curies":[{"name":"wp","href":"https:\/\/api.w.org\/{rel}","templated":true}]}}