{"id":5944,"date":"2024-12-04T11:37:37","date_gmt":"2024-12-04T10:37:37","guid":{"rendered":"https:\/\/www.lov.li\/?p=5944"},"modified":"2025-12-01T14:06:59","modified_gmt":"2025-12-01T13:06:59","slug":"rotkehlchen-vogel-des-jahres-2025","status":"publish","type":"post","link":"https:\/\/www.lov.li\/?p=5944","title":{"rendered":"Rotkehlchen &#8211; Vogel des Jahres 2025"},"content":{"rendered":"\n<div class=\"wp-block-uagb-image alignleft uagb-block-ea13e865 wp-block-uagb-image--layout-default wp-block-uagb-image--effect-static wp-block-uagb-image--align-left\"><figure class=\"wp-block-uagb-image__figure\"><a class=\"\" href=\"https:\/\/www.lov.li\/wp-content\/uploads\/Rotkelchen-Rainer-Kuehnis.gif\" target=\"_blank\" rel=\"noreferrer noopener\"><img decoding=\"async\" srcset=\"https:\/\/www.lov.li\/wp-content\/uploads\/Rotkelchen-Rainer-Kuehnis.gif ,https:\/\/www.lov.li\/wp-content\/uploads\/Rotkelchen-Rainer-Kuehnis.gif 780w, https:\/\/www.lov.li\/wp-content\/uploads\/Rotkelchen-Rainer-Kuehnis.gif 360w\" sizes=\"auto, (max-width: 480px) 150px\" src=\"https:\/\/www.lov.li\/wp-content\/uploads\/Rotkelchen-Rainer-Kuehnis.gif\" alt=\"\" class=\"uag-image-5945\" width=\"579\" height=\"335\" title=\"Rotkelchen-Rainer-Kuehnis\" loading=\"lazy\" role=\"img\"\/><\/a><\/figure><\/div>\n\n\n\n\n\n\n\n\n\n\n\n\n\n\n\n\n\n\n\n<p>Foto: Rainer K\u00fchnis <br>Erstmals wurde der Vogel des Jahres in der Schweiz aus einer Auswahl von f\u00fcnf Vogelarten von der Bev\u00f6lkerung gew\u00e4hlt. Mit dem Rotkehlchen hat ein Vogel gewonnen, den fast jeder kennt und selbst bestimmen kann.<\/p>\n\n\n\n<!--more-->\n\n\n\n<p>Das Rotkehlchen ist in Liechtenstein eine der h\u00e4ufigsten Brutvogelarten und kommt vom Tal bis zur Baumgrenze im Alpengebiet vor. Sein klarer, perlender, oftmals \u00fcberhasteter Gesang kann in der Morgend\u00e4mmerung als einer der ersten vernommen werden.<br>Sein Nest aus Moos, Bl\u00e4ttern und Halmen baut das Rotkehlchen gut getarnt am Boden, etwa unter einem Busch oder in einem Wurzelstock versteckt. Darin werden bis zu 7 Junge mit Insekten, Spinnen und W\u00fcrmern grossgezogen.<br>Im Herbst ziehen unsere V\u00f6gel in den S\u00fcden. Trotzdem kann das Rotkehlchen w\u00e4hrend des ganzen Jahres bei uns beobachtet werden, denn im Herbst treffen unsere Winterg\u00e4ste aus dem Norden ein. So wurde bei uns einmal im Winter ein toter Vogel gefunden, der in Polen beringt wurde.<br>Im Gegensatz zu unseren Brutv\u00f6geln halten sich die Winterg\u00e4ste gerne in unseren G\u00e4rten auf und sind durchwegs Einzelg\u00e4nger. An Futterstellen wird kaum ein zweites Rotkehlchen geduldet, das Nahrungsrevier wird mit dem Gesang gegen einen Konkurrenten abgegrenzt und verteidigt. Aussergew\u00f6hnlich ist dabei die Tatsache, dass sowohl M\u00e4nnchen wie Weibchen singen, w\u00e4hrend bei den meisten anderen Arten nur das M\u00e4nnchen singt. Im Fr\u00fchjahr verlassen uns diese V\u00f6gel wieder Richtung Norden, w\u00e4hrend aus dem S\u00fcden unsere Brutv\u00f6gel eintreffen, die sich fast ausschliesslich im Wald oder in gr\u00f6sseren Feldgeh\u00f6lzen niederlassen, jedoch kaum in unseren G\u00e4rten.<\/p>\n\n\n\n<p><\/p>\n\n\n","protected":false},"excerpt":{"rendered":"<p>Foto: Rainer K\u00fchnis Erstmals wurde der Vogel des Jahres in der Schweiz aus einer Auswahl von f\u00fcnf Vogelarten von der Bev\u00f6lkerung gew\u00e4hlt. Mit dem Rotkehlchen hat ein Vogel gewonnen, den fast jeder kennt und selbst bestimmen kann.<\/p>\n","protected":false},"author":1,"featured_media":0,"comment_status":"closed","ping_status":"closed","sticky":false,"template":"","format":"standard","meta":{"_uag_custom_page_level_css":"","footnotes":""},"categories":[4],"tags":[],"class_list":["post-5944","post","type-post","status-publish","format-standard","hentry","category-blick-in-die-vogelwelt"],"uagb_featured_image_src":{"full":false,"thumbnail":false,"medium":false,"medium_large":false,"large":false,"1536x1536":false,"2048x2048":false,"twentyseventeen-featured-image":false,"twentyseventeen-thumbnail-avatar":false},"uagb_author_info":{"display_name":"admin","author_link":"https:\/\/www.lov.li\/?author=1"},"uagb_comment_info":0,"uagb_excerpt":"Foto: Rainer K\u00fchnis Erstmals wurde der Vogel des Jahres in der Schweiz aus einer Auswahl von f\u00fcnf Vogelarten von der Bev\u00f6lkerung gew\u00e4hlt. Mit dem Rotkehlchen hat ein Vogel gewonnen, den fast jeder kennt und selbst bestimmen kann.","_links":{"self":[{"href":"https:\/\/www.lov.li\/index.php?rest_route=\/wp\/v2\/posts\/5944","targetHints":{"allow":["GET"]}}],"collection":[{"href":"https:\/\/www.lov.li\/index.php?rest_route=\/wp\/v2\/posts"}],"about":[{"href":"https:\/\/www.lov.li\/index.php?rest_route=\/wp\/v2\/types\/post"}],"author":[{"embeddable":true,"href":"https:\/\/www.lov.li\/index.php?rest_route=\/wp\/v2\/users\/1"}],"replies":[{"embeddable":true,"href":"https:\/\/www.lov.li\/index.php?rest_route=%2Fwp%2Fv2%2Fcomments&post=5944"}],"version-history":[{"count":4,"href":"https:\/\/www.lov.li\/index.php?rest_route=\/wp\/v2\/posts\/5944\/revisions"}],"predecessor-version":[{"id":5950,"href":"https:\/\/www.lov.li\/index.php?rest_route=\/wp\/v2\/posts\/5944\/revisions\/5950"}],"wp:attachment":[{"href":"https:\/\/www.lov.li\/index.php?rest_route=%2Fwp%2Fv2%2Fmedia&parent=5944"}],"wp:term":[{"taxonomy":"category","embeddable":true,"href":"https:\/\/www.lov.li\/index.php?rest_route=%2Fwp%2Fv2%2Fcategories&post=5944"},{"taxonomy":"post_tag","embeddable":true,"href":"https:\/\/www.lov.li\/index.php?rest_route=%2Fwp%2Fv2%2Ftags&post=5944"}],"curies":[{"name":"wp","href":"https:\/\/api.w.org\/{rel}","templated":true}]}}