{"id":5912,"date":"2024-10-15T11:09:34","date_gmt":"2024-10-15T10:09:34","guid":{"rendered":"https:\/\/www.lov.li\/?p=5912"},"modified":"2025-05-01T12:58:53","modified_gmt":"2025-05-01T11:58:53","slug":"fuettern-ja-aber-richtig","status":"publish","type":"post","link":"https:\/\/www.lov.li\/?p=5912","title":{"rendered":"F\u00fcttern ja &#8211; aber richtig"},"content":{"rendered":"\n<div class=\"wp-block-media-text is-stacked-on-mobile\"><figure class=\"wp-block-media-text__media\"><a href=\"https:\/\/www.lov.li\/wp-content\/uploads\/Blaumeise-Winterfuettrung.gif\" target=\"_blank\" rel=\"noreferrer noopener\"><img loading=\"lazy\" decoding=\"async\" width=\"478\" height=\"718\" src=\"https:\/\/www.lov.li\/wp-content\/uploads\/Blaumeise-Winterfuettrung.gif\" alt=\"\" class=\"wp-image-5911 size-full\"\/><\/a><\/figure><div class=\"wp-block-media-text__content\">\n<p style=\"font-size:17px\">In der <a href=\"https:\/\/www.lov.li\/wp-content\/uploads\/LIEWO-13.10.-Voegel_fuettern-1.pdf\" target=\"_blank\" rel=\"noreferrer noopener\">LIEWO <\/a>vom 13.10.2024 befasst sich Nicole Oehri-Elkuch mit dem Thema V\u00f6gel im Hausgarten. Die Frage, ob heimische V\u00f6gel gef\u00fcttert werden sollen, ist umstritten. Ornithologe Georg Willi, Obmann Natur- und Vogelschutz des Liechtensteinischen Ornithologischen Landesverbands (LOV), nimmt Stellung und erkl\u00e4rt, dass gegen eine F\u00fctterung nichts einzuwenden ist, sofern diese sachgem\u00e4ss und massvoll passiert.<\/p>\n\n\n<\/div><\/div>\n\n\n\n<p style=\"font-size:17px\">In diesem Artikel kommt auch Livio Rey, Biologe bei der Schweizerischen Vogelwarte zum Thema Nistm\u00f6glichkeiten f\u00fcr V\u00f6gel zu Wort.<\/p>\n\n\n\n\n","protected":false},"excerpt":{"rendered":"<p>In diesem Artikel kommt auch Livio Rey, Biologe bei der Schweizerischen Vogelwarte zum Thema Nistm\u00f6glichkeiten f\u00fcr V\u00f6gel zu Wort.<\/p>\n","protected":false},"author":1,"featured_media":0,"comment_status":"closed","ping_status":"closed","sticky":false,"template":"","format":"standard","meta":{"_uag_custom_page_level_css":"","footnotes":""},"categories":[4],"tags":[],"class_list":["post-5912","post","type-post","status-publish","format-standard","hentry","category-blick-in-die-vogelwelt"],"uagb_featured_image_src":{"full":false,"thumbnail":false,"medium":false,"medium_large":false,"large":false,"1536x1536":false,"2048x2048":false,"twentyseventeen-featured-image":false,"twentyseventeen-thumbnail-avatar":false},"uagb_author_info":{"display_name":"admin","author_link":"https:\/\/www.lov.li\/?author=1"},"uagb_comment_info":0,"uagb_excerpt":"In diesem Artikel kommt auch Livio Rey, Biologe bei der Schweizerischen Vogelwarte zum Thema Nistm\u00f6glichkeiten f\u00fcr V\u00f6gel zu Wort.","_links":{"self":[{"href":"https:\/\/www.lov.li\/index.php?rest_route=\/wp\/v2\/posts\/5912","targetHints":{"allow":["GET"]}}],"collection":[{"href":"https:\/\/www.lov.li\/index.php?rest_route=\/wp\/v2\/posts"}],"about":[{"href":"https:\/\/www.lov.li\/index.php?rest_route=\/wp\/v2\/types\/post"}],"author":[{"embeddable":true,"href":"https:\/\/www.lov.li\/index.php?rest_route=\/wp\/v2\/users\/1"}],"replies":[{"embeddable":true,"href":"https:\/\/www.lov.li\/index.php?rest_route=%2Fwp%2Fv2%2Fcomments&post=5912"}],"version-history":[{"count":3,"href":"https:\/\/www.lov.li\/index.php?rest_route=\/wp\/v2\/posts\/5912\/revisions"}],"predecessor-version":[{"id":5918,"href":"https:\/\/www.lov.li\/index.php?rest_route=\/wp\/v2\/posts\/5912\/revisions\/5918"}],"wp:attachment":[{"href":"https:\/\/www.lov.li\/index.php?rest_route=%2Fwp%2Fv2%2Fmedia&parent=5912"}],"wp:term":[{"taxonomy":"category","embeddable":true,"href":"https:\/\/www.lov.li\/index.php?rest_route=%2Fwp%2Fv2%2Fcategories&post=5912"},{"taxonomy":"post_tag","embeddable":true,"href":"https:\/\/www.lov.li\/index.php?rest_route=%2Fwp%2Fv2%2Ftags&post=5912"}],"curies":[{"name":"wp","href":"https:\/\/api.w.org\/{rel}","templated":true}]}}