{"id":5873,"date":"2024-05-02T07:20:42","date_gmt":"2024-05-02T06:20:42","guid":{"rendered":"https:\/\/www.lov.li\/?p=5873"},"modified":"2025-03-30T09:19:19","modified_gmt":"2025-03-30T08:19:19","slug":"ein-langbeiniger-luftakrobat","status":"publish","type":"post","link":"https:\/\/www.lov.li\/?p=5873","title":{"rendered":"Ein langbeiniger Luftakrobat"},"content":{"rendered":"\n<div class=\"wp-block-media-text is-stacked-on-mobile\"><figure class=\"wp-block-media-text__media\"><a href=\"https:\/\/www.lov.li\/wp-content\/uploads\/Schwarzstorch-stehend.gif\" target=\"_blank\" rel=\"noreferrer noopener\"><img loading=\"lazy\" decoding=\"async\" width=\"570\" height=\"718\" src=\"https:\/\/www.lov.li\/wp-content\/uploads\/Schwarzstorch-stehend-570x718.gif\" alt=\"\" class=\"wp-image-5872 size-full\" srcset=\"https:\/\/www.lov.li\/wp-content\/uploads\/Schwarzstorch-stehend-570x718.gif 570w, https:\/\/www.lov.li\/wp-content\/uploads\/Schwarzstorch-stehend-238x300.gif 238w\" sizes=\"auto, (max-width: 570px) 100vw, 570px\" \/><\/a><\/figure><div class=\"wp-block-media-text__content\">\n<p style=\"font-size:17px\">In den fr\u00fchen Morgenstunden des ersten Mai war in Balzers wieder einmal eine ornithologische Exkursion angesagt. Und nicht weniger als 60 Personen nutzten trotz ordentlichem Wind die Gelegenheit, sich von Expert:innen in die nahen Rheinauen f\u00fchren zu lassen.<\/p>\n<\/div><\/div>\n\n\n\n<!--more-->\n\n\n\n<div class=\"wp-block-media-text has-media-on-the-right is-stacked-on-mobile\"><div class=\"wp-block-media-text__content\">\n<p style=\"font-size:17px\">Und was sie da zu sehen und zu h\u00f6ren bekamen, war trotz F\u00f6hn erstaunlich. Neben Wendehals, Goldammer, Wanderfalke, Schwarzkehlchen, Gr\u00fcnfink, Flussregenpfeifer und Baumfalke wurden 40 weitere Arten festgestellt. H\u00f6hepunkt f\u00fcr die meisten Besucher:innen war dann aber der Gleitflug eines Schwarzstorchs. Geschickt nutzte der seltene Vogel den launigen F\u00f6hn, der mal stark mal etwas sanfter diesen langbeinigen Luftakrobaten vor sich hintrug. Da waren auch die Expert:innen hin und weg.<\/p>\n<\/div><figure class=\"wp-block-media-text__media\"><a href=\"https:\/\/www.lov.li\/wp-content\/uploads\/Schwarzstorch-Flug.gif\" target=\"_blank\" rel=\"noreferrer noopener\"><img loading=\"lazy\" decoding=\"async\" width=\"570\" height=\"854\" src=\"https:\/\/www.lov.li\/wp-content\/uploads\/Schwarzstorch-Flug-570x854.gif\" alt=\"\" class=\"wp-image-5876 size-full\" srcset=\"https:\/\/www.lov.li\/wp-content\/uploads\/Schwarzstorch-Flug-570x854.gif 570w, https:\/\/www.lov.li\/wp-content\/uploads\/Schwarzstorch-Flug-200x300.gif 200w\" sizes=\"auto, (max-width: 570px) 100vw, 570px\" \/><\/a><\/figure><\/div>\n\n\n\n<p style=\"font-size:17px\"><\/p>\n\n\n\n<p style=\"font-size:17px\">Neben der Feststellung vieler Arten in diesem kleinen, \u00fcberschaubaren Lebensraum erfuhren die Leute aber auch Wissenswertes \u00fcber (den dramatischen) R\u00fcckgang, Zugverhalten, Flugtechnik und Partnerwahl und der Flattertierchen.\u00a0<br>Der OV Balzers mit Wilfried Vogt dankte den \u00fcbrigen Leiter:innen Ursina W\u00fcst, Georg Willi und Bernd Wurster f\u00fcr ihre engagierte und fachkundige F\u00fchrung\u00a0 und der K\u00fcchencrew mit Martin und Nadine Willi, Marion Vogt-Wolfinger sowie Gabi und Manfred B\u00fcchel f\u00fcr einen \u201cfeinen Zmorgen\u201d. Auch an die Adresse des FC Balzers als Gastgeber sei ein herzliches Dankesch\u00f6n gerichtet.<br><br>Text: Wilfried Vogt<br>Bilder: Shutterstock<\/p>\n","protected":false},"excerpt":{"rendered":"<p>In den fr\u00fchen Morgenstunden des ersten Mai war in Balzers wieder einmal eine ornithologische Exkursion angesagt. Und nicht weniger als 60 Personen nutzten trotz ordentlichem Wind die Gelegenheit, sich von Expert:innen in die nahen Rheinauen f\u00fchren zu lassen.<\/p>\n","protected":false},"author":1,"featured_media":0,"comment_status":"closed","ping_status":"closed","sticky":false,"template":"","format":"standard","meta":{"_uag_custom_page_level_css":"","footnotes":""},"categories":[3,4],"tags":[],"class_list":["post-5873","post","type-post","status-publish","format-standard","hentry","category-aktivitaeten-nvs","category-blick-in-die-vogelwelt"],"uagb_featured_image_src":{"full":false,"thumbnail":false,"medium":false,"medium_large":false,"large":false,"1536x1536":false,"2048x2048":false,"twentyseventeen-featured-image":false,"twentyseventeen-thumbnail-avatar":false},"uagb_author_info":{"display_name":"admin","author_link":"https:\/\/www.lov.li\/?author=1"},"uagb_comment_info":0,"uagb_excerpt":"In den fr\u00fchen Morgenstunden des ersten Mai war in Balzers wieder einmal eine ornithologische Exkursion angesagt. Und nicht weniger als 60 Personen nutzten trotz ordentlichem Wind die Gelegenheit, sich von Expert:innen in die nahen Rheinauen f\u00fchren zu lassen.","_links":{"self":[{"href":"https:\/\/www.lov.li\/index.php?rest_route=\/wp\/v2\/posts\/5873","targetHints":{"allow":["GET"]}}],"collection":[{"href":"https:\/\/www.lov.li\/index.php?rest_route=\/wp\/v2\/posts"}],"about":[{"href":"https:\/\/www.lov.li\/index.php?rest_route=\/wp\/v2\/types\/post"}],"author":[{"embeddable":true,"href":"https:\/\/www.lov.li\/index.php?rest_route=\/wp\/v2\/users\/1"}],"replies":[{"embeddable":true,"href":"https:\/\/www.lov.li\/index.php?rest_route=%2Fwp%2Fv2%2Fcomments&post=5873"}],"version-history":[{"count":3,"href":"https:\/\/www.lov.li\/index.php?rest_route=\/wp\/v2\/posts\/5873\/revisions"}],"predecessor-version":[{"id":5878,"href":"https:\/\/www.lov.li\/index.php?rest_route=\/wp\/v2\/posts\/5873\/revisions\/5878"}],"wp:attachment":[{"href":"https:\/\/www.lov.li\/index.php?rest_route=%2Fwp%2Fv2%2Fmedia&parent=5873"}],"wp:term":[{"taxonomy":"category","embeddable":true,"href":"https:\/\/www.lov.li\/index.php?rest_route=%2Fwp%2Fv2%2Fcategories&post=5873"},{"taxonomy":"post_tag","embeddable":true,"href":"https:\/\/www.lov.li\/index.php?rest_route=%2Fwp%2Fv2%2Ftags&post=5873"}],"curies":[{"name":"wp","href":"https:\/\/api.w.org\/{rel}","templated":true}]}}