{"id":5828,"date":"2024-04-20T08:46:02","date_gmt":"2024-04-20T07:46:02","guid":{"rendered":"https:\/\/www.lov.li\/?p=5828"},"modified":"2024-08-21T07:47:44","modified_gmt":"2024-08-21T06:47:44","slug":"auf-zum-sensenmaehen-nach-vaduz","status":"publish","type":"post","link":"https:\/\/www.lov.li\/?p=5828","title":{"rendered":"Auf zum Sensenm\u00e4hen nach Vaduz"},"content":{"rendered":"\n<div class=\"wp-block-media-text is-stacked-on-mobile\" style=\"grid-template-columns:45% auto\"><figure class=\"wp-block-media-text__media\"><img loading=\"lazy\" decoding=\"async\" width=\"541\" height=\"355\" src=\"https:\/\/www.lov.li\/wp-content\/uploads\/LogoSensenmaehen-1.gif\" alt=\"\" class=\"wp-image-5830 size-full\"\/><\/figure><div class=\"wp-block-media-text__content\">\n<p style=\"font-size:17px\">Der Ornithologische Verein Vaduz und &#8222;Vadoz summt&#8220; zeigen am <strong>Samstag, 22. Juni 2024, im Haberfeld Vaduz <\/strong>F\u00f6rderungsmassnahmen f\u00fcr die Biodiversit\u00e4t im Siedlungsraum. <br><a href=\"https:\/\/www.lov.li\/wp-content\/uploads\/Auf-zum-Sensenmaehen-nach-Vaduz.24.pdf\" target=\"_blank\" rel=\"noreferrer noopener\">Weitere Informationen<\/a><br><\/p>\n<\/div><\/div>\n\n\n\n<!--more-->\n\n\n\n<p>Alle Interessierten sind herzlich willkommen,<\/p>\n\n\n\n<ul class=\"wp-block-list\">\n<li>von Claudia Ospelt zu lernen, wie man Blumenwiesen anlegt, welche Saatgutsorten es gibt und wie sie gepflegt werden;<\/li>\n\n\n\n<li>zum filigranen Dengeln mit Franz Gassner und<\/li>\n\n\n\n<li>zum Wetzen, M\u00e4hen und Heinzen mit J\u00fcrg von K\u00e4nel.<\/li>\n<\/ul>\n\n\n\n<p>F\u00fcr Speis und Trank aus lokaler Herkunft ist gesorgt.<br>Die Veranstaltung findet bei jeder Witterung statt. Die Teilnahme ist kostenlos. Sensen werden vor Ort zur Verf\u00fcgung gestellt. <br><strong>Anmeldungen bis am 18. Juni 2024 an <a href=\"mailto: lokalundfair@vaduz.li\">lokalundfair@vaduz.li <\/a><\/strong><\/p>\n\n\n\n\n","protected":false},"excerpt":{"rendered":"<p>Der Ornithologische Verein Vaduz und &#8222;Vadoz summt&#8220; zeigen am Samstag, 22. Juni 2024, im Haberfeld Vaduz F\u00f6rderungsmassnahmen f\u00fcr die Biodiversit\u00e4t im Siedlungsraum. Weitere Informationen<\/p>\n","protected":false},"author":1,"featured_media":0,"comment_status":"closed","ping_status":"closed","sticky":false,"template":"","format":"standard","meta":{"_uag_custom_page_level_css":"","footnotes":""},"categories":[3],"tags":[],"class_list":["post-5828","post","type-post","status-publish","format-standard","hentry","category-aktivitaeten-nvs"],"uagb_featured_image_src":{"full":false,"thumbnail":false,"medium":false,"medium_large":false,"large":false,"1536x1536":false,"2048x2048":false,"twentyseventeen-featured-image":false,"twentyseventeen-thumbnail-avatar":false},"uagb_author_info":{"display_name":"admin","author_link":"https:\/\/www.lov.li\/?author=1"},"uagb_comment_info":0,"uagb_excerpt":"Der Ornithologische Verein Vaduz und &#8222;Vadoz summt&#8220; zeigen am Samstag, 22. Juni 2024, im Haberfeld Vaduz F\u00f6rderungsmassnahmen f\u00fcr die Biodiversit\u00e4t im Siedlungsraum. Weitere Informationen","_links":{"self":[{"href":"https:\/\/www.lov.li\/index.php?rest_route=\/wp\/v2\/posts\/5828","targetHints":{"allow":["GET"]}}],"collection":[{"href":"https:\/\/www.lov.li\/index.php?rest_route=\/wp\/v2\/posts"}],"about":[{"href":"https:\/\/www.lov.li\/index.php?rest_route=\/wp\/v2\/types\/post"}],"author":[{"embeddable":true,"href":"https:\/\/www.lov.li\/index.php?rest_route=\/wp\/v2\/users\/1"}],"replies":[{"embeddable":true,"href":"https:\/\/www.lov.li\/index.php?rest_route=%2Fwp%2Fv2%2Fcomments&post=5828"}],"version-history":[{"count":3,"href":"https:\/\/www.lov.li\/index.php?rest_route=\/wp\/v2\/posts\/5828\/revisions"}],"predecessor-version":[{"id":5835,"href":"https:\/\/www.lov.li\/index.php?rest_route=\/wp\/v2\/posts\/5828\/revisions\/5835"}],"wp:attachment":[{"href":"https:\/\/www.lov.li\/index.php?rest_route=%2Fwp%2Fv2%2Fmedia&parent=5828"}],"wp:term":[{"taxonomy":"category","embeddable":true,"href":"https:\/\/www.lov.li\/index.php?rest_route=%2Fwp%2Fv2%2Fcategories&post=5828"},{"taxonomy":"post_tag","embeddable":true,"href":"https:\/\/www.lov.li\/index.php?rest_route=%2Fwp%2Fv2%2Ftags&post=5828"}],"curies":[{"name":"wp","href":"https:\/\/api.w.org\/{rel}","templated":true}]}}