{"id":5781,"date":"2024-02-03T19:39:37","date_gmt":"2024-02-03T18:39:37","guid":{"rendered":"https:\/\/www.lov.li\/?p=5781"},"modified":"2026-01-16T19:29:53","modified_gmt":"2026-01-16T18:29:53","slug":"kaninchen-freundschaftsausstellung-in-vaduz","status":"publish","type":"post","link":"https:\/\/www.lov.li\/?p=5781","title":{"rendered":"Kaninchen-Freundschaftsausstellung in Vaduz"},"content":{"rendered":"\n<p>Am Samstag, 3. Februar trafen sich die Kaninchenfreunde Liechtensteins mit ihren Kolleginnen und Kollegen aus der benachbarten Schweiz zu einer Freundschaftsausstellung im R\u00f6ckle-Areal. Organisiert wurde der Anlass gemeinsam vom OV Vaduz und dem OV Balzers.<\/p>\n\n\n\n<!--more-->\n\n\n\n<div class=\"wp-block-media-text is-stacked-on-mobile\"><figure class=\"wp-block-media-text__media\"><a href=\"https:\/\/www.lov.li\/wp-content\/uploads\/ExpertenVaduz.gif\" target=\"_blank\" rel=\"noreferrer noopener\"><img loading=\"lazy\" decoding=\"async\" width=\"570\" height=\"380\" src=\"https:\/\/www.lov.li\/wp-content\/uploads\/ExpertenVaduz-570x380.gif\" alt=\"\" class=\"wp-image-5777 size-full\" srcset=\"https:\/\/www.lov.li\/wp-content\/uploads\/ExpertenVaduz-570x380.gif 570w, https:\/\/www.lov.li\/wp-content\/uploads\/ExpertenVaduz-300x200.gif 300w, https:\/\/www.lov.li\/wp-content\/uploads\/ExpertenVaduz-768x512.gif 768w, https:\/\/www.lov.li\/wp-content\/uploads\/ExpertenVaduz-1536x1024.gif 1536w, https:\/\/www.lov.li\/wp-content\/uploads\/ExpertenVaduz-1803x1200.gif 1803w\" sizes=\"auto, (max-width: 570px) 100vw, 570px\" \/><\/a><\/figure><div class=\"wp-block-media-text__content\">\n<p>Die Tiere wurden von den Experten Klaus Bl\u00e4ttler (re.) und Lars B\u00f6sch souver\u00e4n bewertet. Es war f\u00fcr die zahlreich anwesenden Z\u00fcchter sehr interessant, live dabei sein zu d\u00fcrfen. Vor allem die Bestimmung der Sieger zeigte, wie vielschichtig solche Bewertungen sind.  <\/p>\n<\/div><\/div>\n\n\n\n<div class=\"wp-block-media-text has-media-on-the-right is-stacked-on-mobile\"><div class=\"wp-block-media-text__content\">\n<p>Insgesamt wurden 126 Kaninchen aller Gr\u00f6ssenklassen und in 17 verschiedenen Rassen bewertet. F\u00fcr die sch\u00f6nsten Tiere der Ausstellung wurden folgende Z\u00fcchter ausgezeichnet, v.l.<br>Viktor Jung, Holl\u00e4nder<br>Emil Gwerder, Mauverex<br>Nils Lippuner, Kleinrex<\/p>\n<\/div><figure class=\"wp-block-media-text__media\"><a href=\"https:\/\/www.lov.li\/wp-content\/uploads\/SiegerVaduz.gif\" target=\"_blank\" rel=\"noreferrer noopener\"><img loading=\"lazy\" decoding=\"async\" width=\"570\" height=\"377\" src=\"https:\/\/www.lov.li\/wp-content\/uploads\/SiegerVaduz-570x377.gif\" alt=\"\" class=\"wp-image-5780 size-full\" srcset=\"https:\/\/www.lov.li\/wp-content\/uploads\/SiegerVaduz-570x377.gif 570w, https:\/\/www.lov.li\/wp-content\/uploads\/SiegerVaduz-300x199.gif 300w, https:\/\/www.lov.li\/wp-content\/uploads\/SiegerVaduz-768x508.gif 768w, https:\/\/www.lov.li\/wp-content\/uploads\/SiegerVaduz-1536x1017.gif 1536w\" sizes=\"auto, (max-width: 570px) 100vw, 570px\" \/><\/a><\/figure><\/div>\n\n\n\n<div class=\"wp-block-media-text is-stacked-on-mobile\"><figure class=\"wp-block-media-text__media\"><a href=\"https:\/\/www.lov.li\/wp-content\/uploads\/OKVaduz.gif\" target=\"_blank\" rel=\"noreferrer noopener\"><img loading=\"lazy\" decoding=\"async\" width=\"570\" height=\"377\" src=\"https:\/\/www.lov.li\/wp-content\/uploads\/OKVaduz-570x377.gif\" alt=\"\" class=\"wp-image-5779 size-full\" srcset=\"https:\/\/www.lov.li\/wp-content\/uploads\/OKVaduz-570x377.gif 570w, https:\/\/www.lov.li\/wp-content\/uploads\/OKVaduz-300x199.gif 300w, https:\/\/www.lov.li\/wp-content\/uploads\/OKVaduz-768x509.gif 768w, https:\/\/www.lov.li\/wp-content\/uploads\/OKVaduz-1536x1017.gif 1536w\" sizes=\"auto, (max-width: 570px) 100vw, 570px\" \/><\/a><\/figure><div class=\"wp-block-media-text__content\">\n<p>Herzlichen Dank dem OK f\u00fcr die Idee und die einwandfrei durchgef\u00fchrte Ausstellung:<br>v.l. Christian Oehri, Hans Frischknecht, Patrick Marxer, Daniel Gst\u00f6hl und Manfred B\u00fcchel <br>Ein Dankesch\u00f6n geb\u00fchrt auch der  Firma R\u00f6ckle AG f\u00fcr die \u00dcberlassung der idealen R\u00e4umlichkeiten.<\/p>\n<\/div><\/div>\n\n\n\n<p><\/p>\n\n\n\n<div class=\"wp-block-media-text has-media-on-the-right is-stacked-on-mobile\"><div class=\"wp-block-media-text__content\">\n<p>Ohne Frauenpower ging es nicht, ein herzliches Dankesch\u00f6n dem Damenteam f\u00fcr das Zutragen der Kaninchen zum Bewertungstisch und f\u00fcr das Funktionieren der Wirtschaft.<br>v.l. Dorli Vetsch, Ursi Eisenhut, Lara Keller und Angela Hutter.<\/p>\n<\/div><figure class=\"wp-block-media-text__media\"><a href=\"https:\/\/www.lov.li\/wp-content\/uploads\/FrauenpowerVaduz.gif\" target=\"_blank\" rel=\"noreferrer noopener\"><img loading=\"lazy\" decoding=\"async\" width=\"570\" height=\"380\" src=\"https:\/\/www.lov.li\/wp-content\/uploads\/FrauenpowerVaduz-570x380.gif\" alt=\"\" class=\"wp-image-5778 size-full\" srcset=\"https:\/\/www.lov.li\/wp-content\/uploads\/FrauenpowerVaduz-570x380.gif 570w, https:\/\/www.lov.li\/wp-content\/uploads\/FrauenpowerVaduz-300x200.gif 300w, https:\/\/www.lov.li\/wp-content\/uploads\/FrauenpowerVaduz-768x512.gif 768w, https:\/\/www.lov.li\/wp-content\/uploads\/FrauenpowerVaduz-1536x1023.gif 1536w\" sizes=\"auto, (max-width: 570px) 100vw, 570px\" \/><\/a><\/figure><\/div>\n\n\n\n<p>Diese unkomplizierte, an einem Tag durchgef\u00fchrte Ausstellung war ganz im Interesse der Z\u00fcchter und sehr tiergerecht. Das unmittelbare Dabeisein bei den Bewertungen und die Erkl\u00e4rungen der Experten zu den Siegertieren machten die Ausstellung f\u00fcr alle zu einem Erlebnis, das gerne wiederholt werden darf.<br>Text und Fotos: Benno B\u00fcchel  <\/p>\n","protected":false},"excerpt":{"rendered":"<p>Am Samstag, 3. Februar trafen sich die Kaninchenfreunde Liechtensteins mit ihren Kolleginnen und Kollegen aus der benachbarten Schweiz zu einer Freundschaftsausstellung im R\u00f6ckle-Areal. Organisiert wurde der Anlass gemeinsam vom OV Vaduz und dem OV Balzers.<\/p>\n","protected":false},"author":1,"featured_media":0,"comment_status":"closed","ping_status":"closed","sticky":false,"template":"","format":"standard","meta":{"_uag_custom_page_level_css":"","footnotes":""},"categories":[9],"tags":[],"class_list":["post-5781","post","type-post","status-publish","format-standard","hentry","category-archvierte-beitraege-kleintiere"],"uagb_featured_image_src":{"full":false,"thumbnail":false,"medium":false,"medium_large":false,"large":false,"1536x1536":false,"2048x2048":false,"twentyseventeen-featured-image":false,"twentyseventeen-thumbnail-avatar":false},"uagb_author_info":{"display_name":"admin","author_link":"https:\/\/www.lov.li\/?author=1"},"uagb_comment_info":0,"uagb_excerpt":"Am Samstag, 3. Februar trafen sich die Kaninchenfreunde Liechtensteins mit ihren Kolleginnen und Kollegen aus der benachbarten Schweiz zu einer Freundschaftsausstellung im R\u00f6ckle-Areal. Organisiert wurde der Anlass gemeinsam vom OV Vaduz und dem OV Balzers.","_links":{"self":[{"href":"https:\/\/www.lov.li\/index.php?rest_route=\/wp\/v2\/posts\/5781","targetHints":{"allow":["GET"]}}],"collection":[{"href":"https:\/\/www.lov.li\/index.php?rest_route=\/wp\/v2\/posts"}],"about":[{"href":"https:\/\/www.lov.li\/index.php?rest_route=\/wp\/v2\/types\/post"}],"author":[{"embeddable":true,"href":"https:\/\/www.lov.li\/index.php?rest_route=\/wp\/v2\/users\/1"}],"replies":[{"embeddable":true,"href":"https:\/\/www.lov.li\/index.php?rest_route=%2Fwp%2Fv2%2Fcomments&post=5781"}],"version-history":[{"count":6,"href":"https:\/\/www.lov.li\/index.php?rest_route=\/wp\/v2\/posts\/5781\/revisions"}],"predecessor-version":[{"id":5789,"href":"https:\/\/www.lov.li\/index.php?rest_route=\/wp\/v2\/posts\/5781\/revisions\/5789"}],"wp:attachment":[{"href":"https:\/\/www.lov.li\/index.php?rest_route=%2Fwp%2Fv2%2Fmedia&parent=5781"}],"wp:term":[{"taxonomy":"category","embeddable":true,"href":"https:\/\/www.lov.li\/index.php?rest_route=%2Fwp%2Fv2%2Fcategories&post=5781"},{"taxonomy":"post_tag","embeddable":true,"href":"https:\/\/www.lov.li\/index.php?rest_route=%2Fwp%2Fv2%2Ftags&post=5781"}],"curies":[{"name":"wp","href":"https:\/\/api.w.org\/{rel}","templated":true}]}}