{"id":5655,"date":"2023-10-11T14:37:05","date_gmt":"2023-10-11T13:37:05","guid":{"rendered":"https:\/\/www.lov.li\/?p=5655"},"modified":"2026-01-16T19:33:58","modified_gmt":"2026-01-16T18:33:58","slug":"einweihung-beobachtungssitz-speckigraben","status":"publish","type":"post","link":"https:\/\/www.lov.li\/?p=5655","title":{"rendered":"Einweihung &#8222;Beobachtungssitz Speckigraben&#8220;"},"content":{"rendered":"\n<div class=\"wp-block-media-text is-stacked-on-mobile\"><figure class=\"wp-block-media-text__media\"><a href=\"https:\/\/www.lov.li\/wp-content\/uploads\/Hide-Mitglieder-2.gif\" target=\"_blank\" rel=\"noreferrer noopener\"><img loading=\"lazy\" decoding=\"async\" width=\"259\" height=\"252\" src=\"https:\/\/www.lov.li\/wp-content\/uploads\/Hide-Mitglieder.gif\" alt=\"\" class=\"wp-image-5656 size-full\"\/><\/a><\/figure><div class=\"wp-block-media-text__content\">\n<p>Die Idee eines Beobachtungssitzes am renaturierten Speckigraben hatte der Ornithologische Verein Schaan (OVS) schon etwas l\u00e4nger. Dank des grossen Einsatzes unserer Mitglieder und grossz\u00fcgiger Unterst\u00fctzung unserer Sponsoren konnte der Beobachtungssitz am Montag, 09. Oktober 2023, feierlich er\u00f6ffnet werden.<\/p>\n\n\n\n<!--more-->\n<\/div><\/div>\n\n\n\n<p>Der auch optisch ansprechende Beobachtungssitz befindet sich an der Kreuzung \u00abRietstrasse \u2013 Weidriet\u00bb. Mit ihm k\u00f6nnen V\u00f6gel, aber auch andere hier beheimatete Tiere, ungest\u00f6rt beobachtet werden. Im \u00abH\u00fcttenbuch\u00bb k\u00f6nnen ausserdem Beobachtungen f\u00fcr alle Besucher sichtbar dokumentiert werden.<br>Der OVS ist stolz auf das Ergebnis dieses Projekts und l\u00e4dt alle Bewohner:innen dazu ein, auf den bereitgestellten Holzsitzen zu verweilen und die Natur in aller Ruhe zu geniessen.<\/p>\n\n\n\n<div class=\"wp-block-media-text is-stacked-on-mobile\" style=\"grid-template-columns:15% auto\"><figure class=\"wp-block-media-text__media\"><img loading=\"lazy\" decoding=\"async\" width=\"95\" height=\"83\" src=\"https:\/\/www.lov.li\/wp-content\/uploads\/Icon-OVS.jpg\" alt=\"\" class=\"wp-image-5501 size-full\"\/><\/figure><div class=\"wp-block-media-text__content\">\n<p><strong>Ornithologischer Verein Schaan<\/strong><\/p>\n<\/div><\/div>\n\n\n\n<p>Weitere Bildimpressionen<\/p>\n\n\n\n<div class=\"wp-block-columns is-layout-flex wp-container-core-columns-is-layout-9d6595d7 wp-block-columns-is-layout-flex\">\n<div class=\"wp-block-column is-layout-flow wp-block-column-is-layout-flow\" style=\"flex-basis:100%\">\n<div class=\"wp-block-group\"><div class=\"wp-block-group__inner-container is-layout-constrained wp-block-group-is-layout-constrained\">\n<div class=\"wp-block-columns is-layout-flex wp-container-core-columns-is-layout-9d6595d7 wp-block-columns-is-layout-flex\"><\/div>\n\n\n\n<div class=\"wp-block-uagb-image uagb-block-eb570f7e wp-block-uagb-image--layout-default wp-block-uagb-image--effect-static wp-block-uagb-image--align-none\"><figure class=\"wp-block-uagb-image__figure\"><a class=\"\" href=\"https:\/\/www.lov.li\/wp-content\/uploads\/Hide-Eingang.gif\" target=\"_blank\" rel=\"noreferrer noopener\"><img decoding=\"async\" srcset=\"https:\/\/www.lov.li\/wp-content\/uploads\/Hide-Eingang-570x380.gif ,https:\/\/www.lov.li\/wp-content\/uploads\/Hide-Eingang.gif 780w, https:\/\/www.lov.li\/wp-content\/uploads\/Hide-Eingang.gif 360w\" sizes=\"auto, (max-width: 480px) 150px\" src=\"https:\/\/www.lov.li\/wp-content\/uploads\/Hide-Eingang-570x380.gif\" alt=\"\" class=\"uag-image-5667\" width=\"675\" height=\"380\" title=\"\" loading=\"lazy\"\/><\/a><\/figure><\/div>\n<\/div><\/div>\n<\/div>\n<\/div>\n\n\n\n<p><\/p>\n\n\n\n<div class=\"wp-block-uagb-image uagb-block-ec2a320e wp-block-uagb-image--layout-default wp-block-uagb-image--effect-static wp-block-uagb-image--align-none\"><figure class=\"wp-block-uagb-image__figure\"><a class=\"\" href=\"https:\/\/www.lov.li\/wp-content\/uploads\/Hide-seitlich.gif\" target=\"_blank\" rel=\"noreferrer noopener\"><img decoding=\"async\" srcset=\"https:\/\/www.lov.li\/wp-content\/uploads\/Hide-seitlich-570x380.gif ,https:\/\/www.lov.li\/wp-content\/uploads\/Hide-seitlich.gif 780w, https:\/\/www.lov.li\/wp-content\/uploads\/Hide-seitlich.gif 360w\" sizes=\"auto, (max-width: 480px) 150px\" src=\"https:\/\/www.lov.li\/wp-content\/uploads\/Hide-seitlich-570x380.gif\" alt=\"\" class=\"uag-image-5668\" width=\"675\" height=\"380\" title=\"\" loading=\"lazy\"\/><\/a><\/figure><\/div>\n\n\n\n<div class=\"wp-block-uagb-image uagb-block-bd918b4f wp-block-uagb-image--layout-default wp-block-uagb-image--effect-static wp-block-uagb-image--align-none\"><figure class=\"wp-block-uagb-image__figure\"><a class=\"\" href=\"https:\/\/www.lov.li\/wp-content\/uploads\/InfoTafelSpeckigraben-1.gif\" target=\"_blank\" rel=\"noreferrer noopener\"><img decoding=\"async\" srcset=\"https:\/\/www.lov.li\/wp-content\/uploads\/InfoTafelSpeckigraben-1-465x1024.gif ,https:\/\/www.lov.li\/wp-content\/uploads\/InfoTafelSpeckigraben-1.gif 780w, https:\/\/www.lov.li\/wp-content\/uploads\/InfoTafelSpeckigraben-1.gif 360w\" sizes=\"auto, (max-width: 480px) 150px\" src=\"https:\/\/www.lov.li\/wp-content\/uploads\/InfoTafelSpeckigraben-1-465x1024.gif\" alt=\"\" class=\"uag-image-5700\" width=\"317\" height=\"1024\" title=\"\" loading=\"lazy\"\/><\/a><\/figure><\/div>\n","protected":false},"excerpt":{"rendered":"<p>Die Idee eines Beobachtungssitzes am renaturierten Speckigraben hatte der Ornithologische Verein Schaan (OVS) schon etwas l\u00e4nger. Dank des grossen Einsatzes unserer Mitglieder und grossz\u00fcgiger Unterst\u00fctzung unserer Sponsoren konnte der Beobachtungssitz am Montag, 09. Oktober 2023, feierlich er\u00f6ffnet werden.<\/p>\n","protected":false},"author":1,"featured_media":0,"comment_status":"closed","ping_status":"closed","sticky":false,"template":"","format":"standard","meta":{"_uag_custom_page_level_css":"","footnotes":""},"categories":[3],"tags":[],"class_list":["post-5655","post","type-post","status-publish","format-standard","hentry","category-aktivitaeten-nvs"],"uagb_featured_image_src":{"full":false,"thumbnail":false,"medium":false,"medium_large":false,"large":false,"1536x1536":false,"2048x2048":false,"twentyseventeen-featured-image":false,"twentyseventeen-thumbnail-avatar":false},"uagb_author_info":{"display_name":"admin","author_link":"https:\/\/www.lov.li\/?author=1"},"uagb_comment_info":0,"uagb_excerpt":"Die Idee eines Beobachtungssitzes am renaturierten Speckigraben hatte der Ornithologische Verein Schaan (OVS) schon etwas l\u00e4nger. Dank des grossen Einsatzes unserer Mitglieder und grossz\u00fcgiger Unterst\u00fctzung unserer Sponsoren konnte der Beobachtungssitz am Montag, 09. Oktober 2023, feierlich er\u00f6ffnet werden.","_links":{"self":[{"href":"https:\/\/www.lov.li\/index.php?rest_route=\/wp\/v2\/posts\/5655","targetHints":{"allow":["GET"]}}],"collection":[{"href":"https:\/\/www.lov.li\/index.php?rest_route=\/wp\/v2\/posts"}],"about":[{"href":"https:\/\/www.lov.li\/index.php?rest_route=\/wp\/v2\/types\/post"}],"author":[{"embeddable":true,"href":"https:\/\/www.lov.li\/index.php?rest_route=\/wp\/v2\/users\/1"}],"replies":[{"embeddable":true,"href":"https:\/\/www.lov.li\/index.php?rest_route=%2Fwp%2Fv2%2Fcomments&post=5655"}],"version-history":[{"count":19,"href":"https:\/\/www.lov.li\/index.php?rest_route=\/wp\/v2\/posts\/5655\/revisions"}],"predecessor-version":[{"id":5701,"href":"https:\/\/www.lov.li\/index.php?rest_route=\/wp\/v2\/posts\/5655\/revisions\/5701"}],"wp:attachment":[{"href":"https:\/\/www.lov.li\/index.php?rest_route=%2Fwp%2Fv2%2Fmedia&parent=5655"}],"wp:term":[{"taxonomy":"category","embeddable":true,"href":"https:\/\/www.lov.li\/index.php?rest_route=%2Fwp%2Fv2%2Fcategories&post=5655"},{"taxonomy":"post_tag","embeddable":true,"href":"https:\/\/www.lov.li\/index.php?rest_route=%2Fwp%2Fv2%2Ftags&post=5655"}],"curies":[{"name":"wp","href":"https:\/\/api.w.org\/{rel}","templated":true}]}}