{"id":5643,"date":"2023-09-18T20:39:05","date_gmt":"2023-09-18T19:39:05","guid":{"rendered":"https:\/\/www.lov.li\/?p=5643"},"modified":"2024-03-05T14:36:10","modified_gmt":"2024-03-05T13:36:10","slug":"rabenvoegel-gefiederte-genies","status":"publish","type":"post","link":"https:\/\/www.lov.li\/?p=5643","title":{"rendered":"Rabenv\u00f6gel: Gefiederte Genies"},"content":{"rendered":"\n<div class=\"wp-block-media-text is-stacked-on-mobile\" style=\"grid-template-columns:44% auto\"><figure class=\"wp-block-media-text__media\"><img loading=\"lazy\" decoding=\"async\" width=\"224\" height=\"239\" src=\"https:\/\/www.lov.li\/wp-content\/uploads\/Rabe-Liewo.gif\" alt=\"\" class=\"wp-image-5641 size-full\"\/><\/figure><div class=\"wp-block-media-text__content\">\n<p>In der <a rel=\"noreferrer noopener\" href=\"https:\/\/www.lov.li\/wp-content\/uploads\/Rabenvoegel-Liewo-17.9.23.pdf\" data-type=\"link\" data-id=\"https:\/\/www.lov.li\/wp-content\/uploads\/Rabenvoegel-Liewo-17.9.23.pdf\" target=\"_blank\">Liewo <\/a>vom 17.9.2023 werden in einem redaktionellen Beitrag von Nicole \u00d6hri-Elkuch die Rabenv\u00f6gel Liechtensteins sehr anschaulich vorgestellt. Oliver N\u00e4gele, Leiter Abteilung Wald und Landschaft im  Amt f\u00fcr Umwelt und Steven Lampert, OV Liechtenstein Unterland, kommen zu Wort. <br>Herzlichen Dank!<\/p>\n<\/div><\/div>\n","protected":false},"excerpt":{"rendered":"<p>In der Liewo vom 17.9.2023 werden in einem redaktionellen Beitrag von Nicole \u00d6hri-Elkuch die Rabenv\u00f6gel Liechtensteins sehr anschaulich vorgestellt. Oliver N\u00e4gele, Leiter Abteilung Wald und Landschaft im Amt f\u00fcr Umwelt und Steven Lampert, OV Liechtenstein Unterland, kommen zu Wort. Herzlichen Dank!<\/p>\n","protected":false},"author":1,"featured_media":0,"comment_status":"closed","ping_status":"closed","sticky":false,"template":"","format":"standard","meta":{"_uag_custom_page_level_css":"","footnotes":""},"categories":[4],"tags":[],"class_list":["post-5643","post","type-post","status-publish","format-standard","hentry","category-blick-in-die-vogelwelt"],"uagb_featured_image_src":{"full":false,"thumbnail":false,"medium":false,"medium_large":false,"large":false,"1536x1536":false,"2048x2048":false,"twentyseventeen-featured-image":false,"twentyseventeen-thumbnail-avatar":false},"uagb_author_info":{"display_name":"admin","author_link":"https:\/\/www.lov.li\/?author=1"},"uagb_comment_info":0,"uagb_excerpt":"In der Liewo vom 17.9.2023 werden in einem redaktionellen Beitrag von Nicole \u00d6hri-Elkuch die Rabenv\u00f6gel Liechtensteins sehr anschaulich vorgestellt. Oliver N\u00e4gele, Leiter Abteilung Wald und Landschaft im Amt f\u00fcr Umwelt und Steven Lampert, OV Liechtenstein Unterland, kommen zu Wort. Herzlichen Dank!","_links":{"self":[{"href":"https:\/\/www.lov.li\/index.php?rest_route=\/wp\/v2\/posts\/5643","targetHints":{"allow":["GET"]}}],"collection":[{"href":"https:\/\/www.lov.li\/index.php?rest_route=\/wp\/v2\/posts"}],"about":[{"href":"https:\/\/www.lov.li\/index.php?rest_route=\/wp\/v2\/types\/post"}],"author":[{"embeddable":true,"href":"https:\/\/www.lov.li\/index.php?rest_route=\/wp\/v2\/users\/1"}],"replies":[{"embeddable":true,"href":"https:\/\/www.lov.li\/index.php?rest_route=%2Fwp%2Fv2%2Fcomments&post=5643"}],"version-history":[{"count":3,"href":"https:\/\/www.lov.li\/index.php?rest_route=\/wp\/v2\/posts\/5643\/revisions"}],"predecessor-version":[{"id":5646,"href":"https:\/\/www.lov.li\/index.php?rest_route=\/wp\/v2\/posts\/5643\/revisions\/5646"}],"wp:attachment":[{"href":"https:\/\/www.lov.li\/index.php?rest_route=%2Fwp%2Fv2%2Fmedia&parent=5643"}],"wp:term":[{"taxonomy":"category","embeddable":true,"href":"https:\/\/www.lov.li\/index.php?rest_route=%2Fwp%2Fv2%2Fcategories&post=5643"},{"taxonomy":"post_tag","embeddable":true,"href":"https:\/\/www.lov.li\/index.php?rest_route=%2Fwp%2Fv2%2Ftags&post=5643"}],"curies":[{"name":"wp","href":"https:\/\/api.w.org\/{rel}","templated":true}]}}