{"id":5629,"date":"2023-09-14T21:35:43","date_gmt":"2023-09-14T20:35:43","guid":{"rendered":"https:\/\/www.lov.li\/?p=5629"},"modified":"2025-06-30T15:04:43","modified_gmt":"2025-06-30T14:04:43","slug":"einladung-zur-herbstversammlung-vom-10-november-2023","status":"publish","type":"post","link":"https:\/\/www.lov.li\/?p=5629","title":{"rendered":"Einladung zur Herbstversammlung vom 10. November 2023"},"content":{"rendered":"\n<div class=\"wp-block-media-text is-stacked-on-mobile\"><figure class=\"wp-block-media-text__media\"><a href=\"https:\/\/www.lov.li\/wp-content\/uploads\/MissfarbigeStockente.gif\" target=\"_blank\" rel=\"https:\/\/www.lov.li\/wp-content\/uploads\/MissfarbigeStockente.gif noreferrer noopener\"><img loading=\"lazy\" decoding=\"async\" width=\"267\" height=\"184\" src=\"https:\/\/www.lov.li\/wp-content\/uploads\/MissfarbigeStockente.gif\" alt=\"\" class=\"wp-image-5630 size-full\"\/><\/a><\/figure><div class=\"wp-block-media-text__content\">\n<p>Die diesj\u00e4hrige Herbstversammlung des LOV findet am Freitag, 10. November 2023, 19.00 Uhr, im Restaurant Au, Vaduz, statt.<\/p>\n\n\n\n<!--more-->\n\n\n\n<p><\/p>\n<\/div><\/div>\n\n\n\n<p>Schwerpunktthema ist das Referat von Frau Johanna Kronberger, Landesleiterin BirdLife Vorarlberg &#8222;Fehlf\u00e4rbungen bei V\u00f6geln und ihre Ursachen&#8220;. <br>Des weitern werden geplante, k\u00fcnftige Veranstaltungen des LOV besprochen.<\/p>\n\n\n\n<p><strong>Eingeladen sind:<\/strong><br>\u2013 Pr\u00e4sidenten und Vorstandsmitglieder der Vereine<br>\u2013 Vorstand des LOV<br>\u2013 Alle Vereinsmitglieder<br><br><a href=\"https:\/\/www.lov.li\/wp-content\/uploads\/LOV-Einladung-Herbstvsersammlung-10_11_23.pdf\">Einladung<\/a><\/p>\n","protected":false},"excerpt":{"rendered":"<p>Die diesj\u00e4hrige Herbstversammlung des LOV findet am Freitag, 10. November 2023, 19.00 Uhr, im Restaurant Au, Vaduz, statt.<\/p>\n","protected":false},"author":1,"featured_media":0,"comment_status":"closed","ping_status":"closed","sticky":false,"template":"","format":"standard","meta":{"_uag_custom_page_level_css":"","footnotes":""},"categories":[3],"tags":[],"class_list":["post-5629","post","type-post","status-publish","format-standard","hentry","category-aktivitaeten-nvs"],"uagb_featured_image_src":{"full":false,"thumbnail":false,"medium":false,"medium_large":false,"large":false,"1536x1536":false,"2048x2048":false,"twentyseventeen-featured-image":false,"twentyseventeen-thumbnail-avatar":false},"uagb_author_info":{"display_name":"admin","author_link":"https:\/\/www.lov.li\/?author=1"},"uagb_comment_info":0,"uagb_excerpt":"Die diesj\u00e4hrige Herbstversammlung des LOV findet am Freitag, 10. November 2023, 19.00 Uhr, im Restaurant Au, Vaduz, statt.","_links":{"self":[{"href":"https:\/\/www.lov.li\/index.php?rest_route=\/wp\/v2\/posts\/5629","targetHints":{"allow":["GET"]}}],"collection":[{"href":"https:\/\/www.lov.li\/index.php?rest_route=\/wp\/v2\/posts"}],"about":[{"href":"https:\/\/www.lov.li\/index.php?rest_route=\/wp\/v2\/types\/post"}],"author":[{"embeddable":true,"href":"https:\/\/www.lov.li\/index.php?rest_route=\/wp\/v2\/users\/1"}],"replies":[{"embeddable":true,"href":"https:\/\/www.lov.li\/index.php?rest_route=%2Fwp%2Fv2%2Fcomments&post=5629"}],"version-history":[{"count":7,"href":"https:\/\/www.lov.li\/index.php?rest_route=\/wp\/v2\/posts\/5629\/revisions"}],"predecessor-version":[{"id":5706,"href":"https:\/\/www.lov.li\/index.php?rest_route=\/wp\/v2\/posts\/5629\/revisions\/5706"}],"wp:attachment":[{"href":"https:\/\/www.lov.li\/index.php?rest_route=%2Fwp%2Fv2%2Fmedia&parent=5629"}],"wp:term":[{"taxonomy":"category","embeddable":true,"href":"https:\/\/www.lov.li\/index.php?rest_route=%2Fwp%2Fv2%2Fcategories&post=5629"},{"taxonomy":"post_tag","embeddable":true,"href":"https:\/\/www.lov.li\/index.php?rest_route=%2Fwp%2Fv2%2Ftags&post=5629"}],"curies":[{"name":"wp","href":"https:\/\/api.w.org\/{rel}","templated":true}]}}