{"id":5571,"date":"2023-06-12T20:35:03","date_gmt":"2023-06-12T19:35:03","guid":{"rendered":"https:\/\/www.lov.li\/?p=5571"},"modified":"2026-01-16T18:57:37","modified_gmt":"2026-01-16T17:57:37","slug":"auf-zum-sensenmaehen-am-24-juni-2023-in-vaduz","status":"publish","type":"post","link":"https:\/\/www.lov.li\/?p=5571","title":{"rendered":"Auf zum Sensenm\u00e4hen am 24. Juni 2023  in Vaduz"},"content":{"rendered":"\n<div class=\"wp-block-media-text alignwide is-stacked-on-mobile\" style=\"grid-template-columns:47% auto\"><figure class=\"wp-block-media-text__media\"><img loading=\"lazy\" decoding=\"async\" width=\"570\" height=\"412\" src=\"https:\/\/www.lov.li\/wp-content\/uploads\/LogoSensenmaehen-570x412.gif\" alt=\"\" class=\"wp-image-5570 size-full\" srcset=\"https:\/\/www.lov.li\/wp-content\/uploads\/LogoSensenmaehen-570x412.gif 570w, https:\/\/www.lov.li\/wp-content\/uploads\/LogoSensenmaehen-300x217.gif 300w\" sizes=\"auto, (max-width: 570px) 100vw, 570px\" \/><\/figure><div class=\"wp-block-media-text__content\">\n<p style=\"font-size:17px\">Der Ornithologische Verein Vaduz l\u00e4dt zur F\u00f6rderung von Kleinstrukturfl\u00e4chen im Siedlungsraum ein.<br><strong>Der Anlass findet am Samstag, 24. Juni 2023 im Haberfeld Vaduz, statt.<\/strong><br>Details siehe <a rel=\"noreferrer noopener\" href=\"https:\/\/www.lov.li\/wp-content\/uploads\/EinladungSensenmaehen.pdf\" target=\"_blank\">Flyer<\/a><\/p>\n<\/div><\/div>\n\n\n\n<p style=\"font-size: 17px;\">Alle Interessierten sind beim Ern\u00e4hrungsfeld zum M\u00e4hen und Wetzen eingeladen. J\u00fcrg von K\u00e4nel, <a href=\"http:\/\/www.sensen-mammern.ch\" target=\"_blank\" rel=\"noreferrer noopener\">sensen-mammern.ch<\/a>, gibt fachkundige Anleitung.<br \/>F\u00fcr Speis und Trank aus lokaler Herkunft ist gesorgt. Die Veranstaltung findert bei jeder Witterung statt.<br \/>Wir bitten um Anmeldung bis am 19. Juni 2023 an <a href=\"mailto:www.lokalundfair@vaduz.li\" target=\"_blank\" rel=\"noreferrer noopener\">www.lokalundfair@vaduz.li<\/a><\/p>\n","protected":false},"excerpt":{"rendered":"<p>Der Ornithologische Verein Vaduz l\u00e4dt zur F\u00f6rderung von Kleinstrukturfl\u00e4chen im Siedlungsraum ein.Der Anlass findet am Samstag, 24. Juni 2023 im Haberfeld Vaduz, statt.Details siehe Flyer Alle Interessierten sind beim Ern\u00e4hrungsfeld zum M\u00e4hen und Wetzen eingeladen. J\u00fcrg von K\u00e4nel, sensen-mammern.ch, gibt fachkundige Anleitung.F\u00fcr Speis und Trank aus lokaler Herkunft ist gesorgt. Die Veranstaltung findert bei jeder &hellip; <\/p>\n<p class=\"link-more\"><a href=\"https:\/\/www.lov.li\/?p=5571\" class=\"more-link\"><span class=\"screen-reader-text\">\u201eAuf zum Sensenm\u00e4hen am 24. Juni 2023  in Vaduz\u201c <\/span>weiterlesen<\/a><\/p>\n","protected":false},"author":1,"featured_media":0,"comment_status":"closed","ping_status":"closed","sticky":false,"template":"","format":"standard","meta":{"_uag_custom_page_level_css":"","footnotes":""},"categories":[9,14],"tags":[],"class_list":["post-5571","post","type-post","status-publish","format-standard","hentry","category-archvierte-beitraege-kleintiere","category-archivierte-beitraege-nvs"],"uagb_featured_image_src":{"full":false,"thumbnail":false,"medium":false,"medium_large":false,"large":false,"1536x1536":false,"2048x2048":false,"twentyseventeen-featured-image":false,"twentyseventeen-thumbnail-avatar":false},"uagb_author_info":{"display_name":"admin","author_link":"https:\/\/www.lov.li\/?author=1"},"uagb_comment_info":0,"uagb_excerpt":"Der Ornithologische Verein Vaduz l\u00e4dt zur F\u00f6rderung von Kleinstrukturfl\u00e4chen im Siedlungsraum ein.Der Anlass findet am Samstag, 24. Juni 2023 im Haberfeld Vaduz, statt.Details siehe Flyer Alle Interessierten sind beim Ern\u00e4hrungsfeld zum M\u00e4hen und Wetzen eingeladen. J\u00fcrg von K\u00e4nel, sensen-mammern.ch, gibt fachkundige Anleitung.F\u00fcr Speis und Trank aus lokaler Herkunft ist gesorgt. Die Veranstaltung findert bei jeder&hellip;","_links":{"self":[{"href":"https:\/\/www.lov.li\/index.php?rest_route=\/wp\/v2\/posts\/5571","targetHints":{"allow":["GET"]}}],"collection":[{"href":"https:\/\/www.lov.li\/index.php?rest_route=\/wp\/v2\/posts"}],"about":[{"href":"https:\/\/www.lov.li\/index.php?rest_route=\/wp\/v2\/types\/post"}],"author":[{"embeddable":true,"href":"https:\/\/www.lov.li\/index.php?rest_route=\/wp\/v2\/users\/1"}],"replies":[{"embeddable":true,"href":"https:\/\/www.lov.li\/index.php?rest_route=%2Fwp%2Fv2%2Fcomments&post=5571"}],"version-history":[{"count":7,"href":"https:\/\/www.lov.li\/index.php?rest_route=\/wp\/v2\/posts\/5571\/revisions"}],"predecessor-version":[{"id":6610,"href":"https:\/\/www.lov.li\/index.php?rest_route=\/wp\/v2\/posts\/5571\/revisions\/6610"}],"wp:attachment":[{"href":"https:\/\/www.lov.li\/index.php?rest_route=%2Fwp%2Fv2%2Fmedia&parent=5571"}],"wp:term":[{"taxonomy":"category","embeddable":true,"href":"https:\/\/www.lov.li\/index.php?rest_route=%2Fwp%2Fv2%2Fcategories&post=5571"},{"taxonomy":"post_tag","embeddable":true,"href":"https:\/\/www.lov.li\/index.php?rest_route=%2Fwp%2Fv2%2Ftags&post=5571"}],"curies":[{"name":"wp","href":"https:\/\/api.w.org\/{rel}","templated":true}]}}