{"id":5560,"date":"2023-05-25T07:54:21","date_gmt":"2023-05-25T06:54:21","guid":{"rendered":"https:\/\/www.lov.li\/?p=5560"},"modified":"2023-09-09T13:52:46","modified_gmt":"2023-09-09T12:52:46","slug":"sensible-stimme-fuer-das-ruggeller-riet","status":"publish","type":"post","link":"https:\/\/www.lov.li\/?p=5560","title":{"rendered":"Sensible Stimme f\u00fcr das Ruggeller Riet"},"content":{"rendered":"\n<div class=\"wp-block-media-text alignwide is-stacked-on-mobile\"><figure class=\"wp-block-media-text__media\"><a href=\"https:\/\/www.lov.li\/wp-content\/uploads\/GeorgWilli-Naturwaechter-VL25.5.23.gif\" target=\"_blank\" rel=\"noreferrer noopener\"><img loading=\"lazy\" decoding=\"async\" width=\"362\" height=\"347\" src=\"https:\/\/www.lov.li\/wp-content\/uploads\/GeorgWilli-Naturwaechter-VL25.5.23.gif\" alt=\"\" class=\"wp-image-5557 size-full\"\/><\/a><\/figure><div class=\"wp-block-media-text__content\">\n<p style=\"font-size:19px\">Das <a rel=\"noreferrer noopener\" href=\"https:\/\/www.lov.li\/wp-content\/uploads\/007_lvlv_03_2023-05-25.pdf\" target=\"_blank\">Vaterland <\/a>berichtet am 25.5.2023, dass &#8222;unser&#8220; Georg Willi seit elf Jahren Naturw\u00e4chter ist und die Besucher dar\u00fcber aufkl\u00e4rt, worauf es im Naturschutzgebiet besonders zu achten gilt. <br>Herzlichen Dank, Georg!<\/p>\n<\/div><\/div>\n","protected":false},"excerpt":{"rendered":"<p>Das Vaterland berichtet am 25.5.2023, dass &#8222;unser&#8220; Georg Willi seit elf Jahren Naturw\u00e4chter ist und die Besucher dar\u00fcber aufkl\u00e4rt, worauf es im Naturschutzgebiet besonders zu achten gilt. Herzlichen Dank, Georg!<\/p>\n","protected":false},"author":1,"featured_media":0,"comment_status":"closed","ping_status":"closed","sticky":false,"template":"","format":"standard","meta":{"_uag_custom_page_level_css":"","footnotes":""},"categories":[4],"tags":[],"class_list":["post-5560","post","type-post","status-publish","format-standard","hentry","category-blick-in-die-vogelwelt"],"uagb_featured_image_src":{"full":false,"thumbnail":false,"medium":false,"medium_large":false,"large":false,"1536x1536":false,"2048x2048":false,"twentyseventeen-featured-image":false,"twentyseventeen-thumbnail-avatar":false},"uagb_author_info":{"display_name":"admin","author_link":"https:\/\/www.lov.li\/?author=1"},"uagb_comment_info":0,"uagb_excerpt":"Das Vaterland berichtet am 25.5.2023, dass &#8222;unser&#8220; Georg Willi seit elf Jahren Naturw\u00e4chter ist und die Besucher dar\u00fcber aufkl\u00e4rt, worauf es im Naturschutzgebiet besonders zu achten gilt. Herzlichen Dank, Georg!","_links":{"self":[{"href":"https:\/\/www.lov.li\/index.php?rest_route=\/wp\/v2\/posts\/5560","targetHints":{"allow":["GET"]}}],"collection":[{"href":"https:\/\/www.lov.li\/index.php?rest_route=\/wp\/v2\/posts"}],"about":[{"href":"https:\/\/www.lov.li\/index.php?rest_route=\/wp\/v2\/types\/post"}],"author":[{"embeddable":true,"href":"https:\/\/www.lov.li\/index.php?rest_route=\/wp\/v2\/users\/1"}],"replies":[{"embeddable":true,"href":"https:\/\/www.lov.li\/index.php?rest_route=%2Fwp%2Fv2%2Fcomments&post=5560"}],"version-history":[{"count":4,"href":"https:\/\/www.lov.li\/index.php?rest_route=\/wp\/v2\/posts\/5560\/revisions"}],"predecessor-version":[{"id":5622,"href":"https:\/\/www.lov.li\/index.php?rest_route=\/wp\/v2\/posts\/5560\/revisions\/5622"}],"wp:attachment":[{"href":"https:\/\/www.lov.li\/index.php?rest_route=%2Fwp%2Fv2%2Fmedia&parent=5560"}],"wp:term":[{"taxonomy":"category","embeddable":true,"href":"https:\/\/www.lov.li\/index.php?rest_route=%2Fwp%2Fv2%2Fcategories&post=5560"},{"taxonomy":"post_tag","embeddable":true,"href":"https:\/\/www.lov.li\/index.php?rest_route=%2Fwp%2Fv2%2Ftags&post=5560"}],"curies":[{"name":"wp","href":"https:\/\/api.w.org\/{rel}","templated":true}]}}