{"id":5525,"date":"2023-03-21T14:29:04","date_gmt":"2023-03-21T13:29:04","guid":{"rendered":"https:\/\/www.lov.li\/?p=5525"},"modified":"2023-04-23T15:48:34","modified_gmt":"2023-04-23T14:48:34","slug":"einladung-zur-ornithologischen-landesexkursion-2023","status":"publish","type":"post","link":"https:\/\/www.lov.li\/?p=5525","title":{"rendered":"Einladung zur ornithologischen Landesexkursion 2023"},"content":{"rendered":"\n<div class=\"wp-block-media-text alignwide is-stacked-on-mobile\"><figure class=\"wp-block-media-text__media\"><a href=\"https:\/\/www.lov.li\/wp-content\/uploads\/Schwarzspecht.gif\" target=\"_blank\" rel=\"noreferrer noopener\"><img loading=\"lazy\" decoding=\"async\" width=\"366\" height=\"207\" src=\"https:\/\/www.lov.li\/wp-content\/uploads\/Schwarzspecht.gif\" alt=\"\" class=\"wp-image-5526 size-full\"\/><\/a><\/figure><div class=\"wp-block-media-text__content\">\n<p style=\"font-size:17px\">Der OV Vaduz organsiert am 23. April 2023, im Auftrag des Liechtensteinischen Ornithologischen Landesverbandes (LOV), die diesj\u00e4hrige Landesexkursion.<\/p>\n<\/div><\/div>\n\n\n\n<figure class=\"wp-block-table\" style=\"font-size:17px\"><table><tbody><tr><td>Datum:<\/td><td><strong>Sonntag, 23. April 2023<\/strong><\/td><\/tr><tr><td>Treffpunkt:<\/td><td><strong>06.00 Uhr beim Parkplatz unter den Tennispl\u00e4tzen Vaduz<br><\/strong>(&#8222;Beim ehemaligen Waldhotel&#8220;)<br>Fernglas nicht vergessen!<\/td><\/tr><tr><td>Exkursionsleiter:<\/td><td>Georg Willi, Bernd Wurster, Steven Lampert<\/td><\/tr><\/tbody><\/table><\/figure>\n\n\n\n<p style=\"font-size:17px\">Nach der Exkursion l\u00e4dt der OV Vaduz alle Teilnehmerinnen und Teilnehmer zu einem Zn\u00fcni ins Caf\u00e9 Amann ein.<br> <a href=\"https:\/\/www.lov.li\/wp-content\/uploads\/Landesexkursion-2023-Einladung.pdf\" target=\"_blank\" rel=\"noreferrer noopener\">Einladung<\/a><\/p>\n","protected":false},"excerpt":{"rendered":"<p>Der OV Vaduz organsiert am 23. April 2023, im Auftrag des Liechtensteinischen Ornithologischen Landesverbandes (LOV), die diesj\u00e4hrige Landesexkursion. Datum: Sonntag, 23. April 2023 Treffpunkt: 06.00 Uhr beim Parkplatz unter den Tennispl\u00e4tzen Vaduz(&#8222;Beim ehemaligen Waldhotel&#8220;)Fernglas nicht vergessen! Exkursionsleiter: Georg Willi, Bernd Wurster, Steven Lampert Nach der Exkursion l\u00e4dt der OV Vaduz alle Teilnehmerinnen und Teilnehmer zu &hellip; <\/p>\n<p class=\"link-more\"><a href=\"https:\/\/www.lov.li\/?p=5525\" class=\"more-link\"><span class=\"screen-reader-text\">\u201eEinladung zur ornithologischen Landesexkursion 2023\u201c <\/span>weiterlesen<\/a><\/p>\n","protected":false},"author":1,"featured_media":0,"comment_status":"closed","ping_status":"closed","sticky":false,"template":"","format":"standard","meta":{"_uag_custom_page_level_css":"","footnotes":""},"categories":[3],"tags":[],"class_list":["post-5525","post","type-post","status-publish","format-standard","hentry","category-aktivitaeten-nvs"],"uagb_featured_image_src":{"full":false,"thumbnail":false,"medium":false,"medium_large":false,"large":false,"1536x1536":false,"2048x2048":false,"twentyseventeen-featured-image":false,"twentyseventeen-thumbnail-avatar":false},"uagb_author_info":{"display_name":"admin","author_link":"https:\/\/www.lov.li\/?author=1"},"uagb_comment_info":0,"uagb_excerpt":"Der OV Vaduz organsiert am 23. April 2023, im Auftrag des Liechtensteinischen Ornithologischen Landesverbandes (LOV), die diesj\u00e4hrige Landesexkursion. Datum: Sonntag, 23. April 2023 Treffpunkt: 06.00 Uhr beim Parkplatz unter den Tennispl\u00e4tzen Vaduz(&#8222;Beim ehemaligen Waldhotel&#8220;)Fernglas nicht vergessen! Exkursionsleiter: Georg Willi, Bernd Wurster, Steven Lampert Nach der Exkursion l\u00e4dt der OV Vaduz alle Teilnehmerinnen und Teilnehmer zu&hellip;","_links":{"self":[{"href":"https:\/\/www.lov.li\/index.php?rest_route=\/wp\/v2\/posts\/5525","targetHints":{"allow":["GET"]}}],"collection":[{"href":"https:\/\/www.lov.li\/index.php?rest_route=\/wp\/v2\/posts"}],"about":[{"href":"https:\/\/www.lov.li\/index.php?rest_route=\/wp\/v2\/types\/post"}],"author":[{"embeddable":true,"href":"https:\/\/www.lov.li\/index.php?rest_route=\/wp\/v2\/users\/1"}],"replies":[{"embeddable":true,"href":"https:\/\/www.lov.li\/index.php?rest_route=%2Fwp%2Fv2%2Fcomments&post=5525"}],"version-history":[{"count":3,"href":"https:\/\/www.lov.li\/index.php?rest_route=\/wp\/v2\/posts\/5525\/revisions"}],"predecessor-version":[{"id":5532,"href":"https:\/\/www.lov.li\/index.php?rest_route=\/wp\/v2\/posts\/5525\/revisions\/5532"}],"wp:attachment":[{"href":"https:\/\/www.lov.li\/index.php?rest_route=%2Fwp%2Fv2%2Fmedia&parent=5525"}],"wp:term":[{"taxonomy":"category","embeddable":true,"href":"https:\/\/www.lov.li\/index.php?rest_route=%2Fwp%2Fv2%2Fcategories&post=5525"},{"taxonomy":"post_tag","embeddable":true,"href":"https:\/\/www.lov.li\/index.php?rest_route=%2Fwp%2Fv2%2Ftags&post=5525"}],"curies":[{"name":"wp","href":"https:\/\/api.w.org\/{rel}","templated":true}]}}