{"id":5449,"date":"2023-01-09T17:33:48","date_gmt":"2023-01-09T16:33:48","guid":{"rendered":"https:\/\/www.lov.li\/?p=5449"},"modified":"2024-03-05T14:37:25","modified_gmt":"2024-03-05T13:37:25","slug":"sumpfrohrsaenger-vogel-des-jahres-2023","status":"publish","type":"post","link":"https:\/\/www.lov.li\/?p=5449","title":{"rendered":"Sumpfrohrs\u00e4nger &#8211; Vogel des Jahres 2023"},"content":{"rendered":"\n<div class=\"wp-block-media-text alignwide is-stacked-on-mobile\" style=\"grid-template-columns:59% auto\"><figure class=\"wp-block-media-text__media\"><a href=\"https:\/\/www.lov.li\/wp-content\/uploads\/DL_Sumpfrohrsaenger_CH-SG.jpeg\" target=\"_blank\" rel=\"noreferrer noopener\"><img loading=\"lazy\" decoding=\"async\" width=\"570\" height=\"380\" src=\"https:\/\/www.lov.li\/wp-content\/uploads\/DL_Sumpfrohrsaenger_CH-SG-570x380.jpeg\" alt=\"\" class=\"wp-image-5450 size-full\" srcset=\"https:\/\/www.lov.li\/wp-content\/uploads\/DL_Sumpfrohrsaenger_CH-SG-570x380.jpeg 570w, https:\/\/www.lov.li\/wp-content\/uploads\/DL_Sumpfrohrsaenger_CH-SG-300x200.jpeg 300w, https:\/\/www.lov.li\/wp-content\/uploads\/DL_Sumpfrohrsaenger_CH-SG.jpeg 640w\" sizes=\"auto, (max-width: 570px) 100vw, 570px\" \/><\/a><\/figure><div class=\"wp-block-media-text__content\">\n<p style=\"font-size:17px\">Der unscheinbar gef\u00e4rbte Sumpfrohrs\u00e4nger kommt ab Mitte Mai nur gerade zum Br\u00fcten zu uns und verl\u00e4sst uns bereits drei Monate sp\u00e4ter wieder, um in Afrika zu \u00fcberwintern. <\/p>\n<\/div><\/div>\n\n\n\n<p style=\"font-size:17px\">Als ausgezeichneter Stimmenimitator kann er Dutzende von Ges\u00e4ngen und Rufen nachahmen, die er bei uns, aber auch in Afrika zu Ohr bekommt.<\/p>\n\n\n\n<!--more-->\n\n\n\n<p style=\"font-size:17px\">Deshalb war er auch Namensgeber des naturr\u00e4umlichen Aufwertungsprojektes im Bannriet der Gemeinden Eschen und Gamprin, das ab 1999 unter dem Titel \u00abExotische Stimme im Bannriet\u00bb von der LGU initiiert wurde. Die Art kommt bei uns nach wie vor im Talgebiet vor, auch wenn ein R\u00fcckgang seit den 1980-er Jahren zu beobachten ist. Der Schwerpunkt des Vorkommens liegt im Ruggeller Riet, aber auch sonst kommt er noch im landwirtschaftlich genutzten Gebiet vor, sofern extensiv genutzte Strukturen wie R\u00f6hricht oder Hochstauden vorhanden sind, wie beispielsweise in den letzten verbliebenen Streuefl\u00e4chen oder entlang extensiv gepflegter Grabens\u00e4umen.<br>Mehr Informationen zum Sumpfrohrs\u00e4nger k\u00f6nnen in den Homepages von <a rel=\"noreferrer noopener\" href=\"https:\/\/www.birdlife.ch\/de\/content\/vogel-des-jahres-2023-sumpfrohrsaenger\" target=\"_blank\">BirdLife Schweiz<\/a> oder der Vogelwarte Sempach abgerufen werden.<\/p>\n","protected":false},"excerpt":{"rendered":"<p>Der unscheinbar gef\u00e4rbte Sumpfrohrs\u00e4nger kommt ab Mitte Mai nur gerade zum Br\u00fcten zu uns und verl\u00e4sst uns bereits drei Monate sp\u00e4ter wieder, um in Afrika zu \u00fcberwintern. Als ausgezeichneter Stimmenimitator kann er Dutzende von Ges\u00e4ngen und Rufen nachahmen, die er bei uns, aber auch in Afrika zu Ohr bekommt.<\/p>\n","protected":false},"author":1,"featured_media":0,"comment_status":"closed","ping_status":"closed","sticky":false,"template":"","format":"standard","meta":{"_uag_custom_page_level_css":"","footnotes":""},"categories":[3],"tags":[],"class_list":["post-5449","post","type-post","status-publish","format-standard","hentry","category-aktivitaeten-nvs"],"uagb_featured_image_src":{"full":false,"thumbnail":false,"medium":false,"medium_large":false,"large":false,"1536x1536":false,"2048x2048":false,"twentyseventeen-featured-image":false,"twentyseventeen-thumbnail-avatar":false},"uagb_author_info":{"display_name":"admin","author_link":"https:\/\/www.lov.li\/?author=1"},"uagb_comment_info":0,"uagb_excerpt":"Der unscheinbar gef\u00e4rbte Sumpfrohrs\u00e4nger kommt ab Mitte Mai nur gerade zum Br\u00fcten zu uns und verl\u00e4sst uns bereits drei Monate sp\u00e4ter wieder, um in Afrika zu \u00fcberwintern. Als ausgezeichneter Stimmenimitator kann er Dutzende von Ges\u00e4ngen und Rufen nachahmen, die er bei uns, aber auch in Afrika zu Ohr bekommt.","_links":{"self":[{"href":"https:\/\/www.lov.li\/index.php?rest_route=\/wp\/v2\/posts\/5449","targetHints":{"allow":["GET"]}}],"collection":[{"href":"https:\/\/www.lov.li\/index.php?rest_route=\/wp\/v2\/posts"}],"about":[{"href":"https:\/\/www.lov.li\/index.php?rest_route=\/wp\/v2\/types\/post"}],"author":[{"embeddable":true,"href":"https:\/\/www.lov.li\/index.php?rest_route=\/wp\/v2\/users\/1"}],"replies":[{"embeddable":true,"href":"https:\/\/www.lov.li\/index.php?rest_route=%2Fwp%2Fv2%2Fcomments&post=5449"}],"version-history":[{"count":4,"href":"https:\/\/www.lov.li\/index.php?rest_route=\/wp\/v2\/posts\/5449\/revisions"}],"predecessor-version":[{"id":5455,"href":"https:\/\/www.lov.li\/index.php?rest_route=\/wp\/v2\/posts\/5449\/revisions\/5455"}],"wp:attachment":[{"href":"https:\/\/www.lov.li\/index.php?rest_route=%2Fwp%2Fv2%2Fmedia&parent=5449"}],"wp:term":[{"taxonomy":"category","embeddable":true,"href":"https:\/\/www.lov.li\/index.php?rest_route=%2Fwp%2Fv2%2Fcategories&post=5449"},{"taxonomy":"post_tag","embeddable":true,"href":"https:\/\/www.lov.li\/index.php?rest_route=%2Fwp%2Fv2%2Ftags&post=5449"}],"curies":[{"name":"wp","href":"https:\/\/api.w.org\/{rel}","templated":true}]}}