{"id":541,"date":"2012-08-11T12:17:06","date_gmt":"2012-08-11T10:17:06","guid":{"rendered":"http:\/\/www.lov-kleintiere.li\/?p=541"},"modified":"2026-01-15T16:12:27","modified_gmt":"2026-01-15T15:12:27","slug":"wiedehopffamilie-in-balzers","status":"publish","type":"post","link":"https:\/\/www.lov.li\/?p=541","title":{"rendered":"Wiedehopffamilie in Balzers"},"content":{"rendered":"\n<p>Den Engerlingen sei Dank! Der Wiedehopf f\u00fchlt sich wohl in Balzers.<\/p>\n\n\n\n<p>Anton Gst\u00f6hl, G\u00e4rten, M\u00e4ls, konnte am 11. August eine ganze Familie auf seiner Gr\u00fcnfl\u00e4che bei der Nahrungssuche beobachten, auch ein Gr\u00fcnspecht gesellte sich dazu!<\/p>\n\n\n<div class=\"wp-block-image\">\n<figure class=\"aligncenter\"><a href=\"http:\/\/www.lov.li\/wp-content\/uploads\/2012\/08\/Wiedehopf-Familie-bei-Anton-Gst\u00f6hl1.jpg\"><img loading=\"lazy\" decoding=\"async\" width=\"1024\" height=\"430\" src=\"http:\/\/www.lov.li\/wp-content\/uploads\/2012\/08\/Wiedehopf-Familie-bei-Anton-Gst\u00f6hl1-1024x430.jpg\" alt=\"\" class=\"wp-image-1267\" title=\"Wiedehopf-Familie bei Anton Gst\u00f6hl\" srcset=\"https:\/\/www.lov.li\/wp-content\/uploads\/2012\/08\/Wiedehopf-Familie-bei-Anton-Gst\u00f6hl1-1024x430.jpg 1024w, https:\/\/www.lov.li\/wp-content\/uploads\/2012\/08\/Wiedehopf-Familie-bei-Anton-Gst\u00f6hl1-300x126.jpg 300w\" sizes=\"auto, (max-width: 767px) 89vw, (max-width: 1000px) 54vw, (max-width: 1071px) 543px, 580px\" \/><\/a><\/figure>\n<\/div>\n\n\n<p class=\"has-text-align-center\"><\/p>\n\n\n\n<p class=\"has-text-align-left\">Auch bei Daniel Gst\u00f6hl, Unterm Schloss, liess sich regelm\u00e4ssig ein Wiedehopfpaar bei der Nahrungssuche beobachten. Ihr Nest wird im Schlosswald vermutet.<\/p>\n\n\n<div class=\"wp-block-image\">\n<figure class=\"aligncenter\"><a href=\"http:\/\/www.lov.li\/wp-content\/uploads\/2012\/08\/WiedehopfsuchtEngerling-Daniel-Gst\u00f6hl.jpg\"><img loading=\"lazy\" decoding=\"async\" width=\"1024\" height=\"622\" src=\"http:\/\/www.lov.li\/wp-content\/uploads\/2012\/08\/WiedehopfsuchtEngerling-Daniel-Gst\u00f6hl-1024x622.jpg\" alt=\"\" class=\"wp-image-543\" title=\"WiedehopfsuchtEngerling (Daniel Gst\u00f6hl)\" srcset=\"https:\/\/www.lov.li\/wp-content\/uploads\/2012\/08\/WiedehopfsuchtEngerling-Daniel-Gst\u00f6hl-1024x622.jpg 1024w, https:\/\/www.lov.li\/wp-content\/uploads\/2012\/08\/WiedehopfsuchtEngerling-Daniel-Gst\u00f6hl-300x182.jpg 300w\" sizes=\"auto, (max-width: 767px) 89vw, (max-width: 1000px) 54vw, (max-width: 1071px) 543px, 580px\" \/><\/a><\/figure>\n<\/div>\n\n\n<p class=\"has-text-align-center\"><\/p>\n","protected":false},"excerpt":{"rendered":"<p>Den Engerlingen sei Dank! Der Wiedehopf f\u00fchlt sich wohl in Balzers. Anton Gst\u00f6hl, G\u00e4rten, M\u00e4ls, konnte am 11. August eine ganze Familie auf seiner Gr\u00fcnfl\u00e4che bei der Nahrungssuche beobachten, auch ein Gr\u00fcnspecht gesellte sich dazu! Auch bei Daniel Gst\u00f6hl, Unterm Schloss, liess sich regelm\u00e4ssig ein Wiedehopfpaar bei der Nahrungssuche beobachten. Ihr Nest wird im Schlosswald &hellip; <\/p>\n<p class=\"link-more\"><a href=\"https:\/\/www.lov.li\/?p=541\" class=\"more-link\"><span class=\"screen-reader-text\">\u201eWiedehopffamilie in Balzers\u201c <\/span>weiterlesen<\/a><\/p>\n","protected":false},"author":1,"featured_media":0,"comment_status":"closed","ping_status":"open","sticky":false,"template":"","format":"standard","meta":{"_uag_custom_page_level_css":"","footnotes":""},"categories":[14],"tags":[],"class_list":["post-541","post","type-post","status-publish","format-standard","hentry","category-archivierte-beitraege-nvs"],"uagb_featured_image_src":{"full":false,"thumbnail":false,"medium":false,"medium_large":false,"large":false,"1536x1536":false,"2048x2048":false,"twentyseventeen-featured-image":false,"twentyseventeen-thumbnail-avatar":false},"uagb_author_info":{"display_name":"admin","author_link":"https:\/\/www.lov.li\/?author=1"},"uagb_comment_info":0,"uagb_excerpt":"Den Engerlingen sei Dank! Der Wiedehopf f\u00fchlt sich wohl in Balzers. Anton Gst\u00f6hl, G\u00e4rten, M\u00e4ls, konnte am 11. August eine ganze Familie auf seiner Gr\u00fcnfl\u00e4che bei der Nahrungssuche beobachten, auch ein Gr\u00fcnspecht gesellte sich dazu! Auch bei Daniel Gst\u00f6hl, Unterm Schloss, liess sich regelm\u00e4ssig ein Wiedehopfpaar bei der Nahrungssuche beobachten. Ihr Nest wird im Schlosswald&hellip;","_links":{"self":[{"href":"https:\/\/www.lov.li\/index.php?rest_route=\/wp\/v2\/posts\/541","targetHints":{"allow":["GET"]}}],"collection":[{"href":"https:\/\/www.lov.li\/index.php?rest_route=\/wp\/v2\/posts"}],"about":[{"href":"https:\/\/www.lov.li\/index.php?rest_route=\/wp\/v2\/types\/post"}],"author":[{"embeddable":true,"href":"https:\/\/www.lov.li\/index.php?rest_route=\/wp\/v2\/users\/1"}],"replies":[{"embeddable":true,"href":"https:\/\/www.lov.li\/index.php?rest_route=%2Fwp%2Fv2%2Fcomments&post=541"}],"version-history":[{"count":8,"href":"https:\/\/www.lov.li\/index.php?rest_route=\/wp\/v2\/posts\/541\/revisions"}],"predecessor-version":[{"id":6549,"href":"https:\/\/www.lov.li\/index.php?rest_route=\/wp\/v2\/posts\/541\/revisions\/6549"}],"wp:attachment":[{"href":"https:\/\/www.lov.li\/index.php?rest_route=%2Fwp%2Fv2%2Fmedia&parent=541"}],"wp:term":[{"taxonomy":"category","embeddable":true,"href":"https:\/\/www.lov.li\/index.php?rest_route=%2Fwp%2Fv2%2Fcategories&post=541"},{"taxonomy":"post_tag","embeddable":true,"href":"https:\/\/www.lov.li\/index.php?rest_route=%2Fwp%2Fv2%2Ftags&post=541"}],"curies":[{"name":"wp","href":"https:\/\/api.w.org\/{rel}","templated":true}]}}