{"id":5371,"date":"2022-11-28T15:06:22","date_gmt":"2022-11-28T14:06:22","guid":{"rendered":"https:\/\/www.lov.li\/?p=5371"},"modified":"2026-01-16T22:12:07","modified_gmt":"2026-01-16T21:12:07","slug":"fuer-eine-vielfaeltige-natur-balzers-mit-zukunft","status":"publish","type":"post","link":"https:\/\/www.lov.li\/?p=5371","title":{"rendered":"F\u00fcr eine vielf\u00e4ltige Natur &#8211; Balzers mit Zukunft"},"content":{"rendered":"\n<figure class=\"wp-block-image size-large is-resized\"><img decoding=\"async\" src=\"https:\/\/www.lov.li\/wp-content\/uploads\/Balzers-Totale-570x232.gif\" alt=\"\" class=\"wp-image-5372\" width=\"580\" srcset=\"https:\/\/www.lov.li\/wp-content\/uploads\/Balzers-Totale-570x232.gif 570w, https:\/\/www.lov.li\/wp-content\/uploads\/Balzers-Totale-300x122.gif 300w\" sizes=\"(max-width: 570px) 100vw, 570px\" \/><\/figure>\n\n\n\n<p style=\"font-size:17px\">Der OV Balzers k\u00fcmmert sich nicht nur um Kleintiere und V\u00f6gel, sondern immer mehr auch um den Erhalt von nat\u00fcrlichem Lebensraum und Biodi-versit\u00e4t. Dazu m\u00f6chte unser Verein auch initiative und \u00abanpackige\u00bb Nichtmitglieder gewinnen, im folgenden Unternehmen mitzumachen: In kleineren oder gr\u00f6sseren Gruppen oder auch in der Familie soll je ein kleines Naturprojekt in unserer Gemeinde realisiert werden. <br>Was k\u00f6nnte dies sein und wie sind die Rahmenbedingungen? <br>Der <a rel=\"noreferrer noopener\" href=\"https:\/\/www.lov.li\/wp-content\/uploads\/NVS-Projekte-Balzers-2022.pdf\" target=\"_blank\">Flyer <\/a>und die <a rel=\"noreferrer noopener\" href=\"https:\/\/www.lov.li\/wp-content\/uploads\/Projektliste-Balzers.pdf\" target=\"_blank\">Projektliste<\/a> geben Auskunft. <\/p>\n\n\n\n<p><\/p>\n\n\n\n<!--more-->\n\n\n\n<p style=\"font-size:17px\"><strong>Der OV bietet dazu folgende Rahmenbedingungen:<\/strong><br>1. Die Beratung und Hinweise auf wertvolle Institutionen \/ Expertinnen<br>2. Ein kleines Budget, je nach Projekt bis Fr. 200.-<br>3. Auswahlliste von m\u00f6glichen Projekten (siehe <a rel=\"noreferrer noopener\" href=\"https:\/\/www.lov.li\/wp-content\/uploads\/Projektliste-Balzers.pdf\" target=\"_blank\">Projektliste<\/a>)<br>4. Abschluss des Projekts mit einer kleinen Pr\u00e4sentation.,<br> vor Ort oder im Lokal (allf\u00e4llige Verpflegung durch den OV)<br><em>Lokal zur Besprechung, Vorbereitung und evtl. Pr\u00e4sentation des Projektes<\/em><\/p>\n\n\n\n<figure class=\"wp-block-image size-full is-resized\"><img decoding=\"async\" src=\"https:\/\/www.lov.li\/wp-content\/uploads\/Foehra.gif\" alt=\"\" class=\"wp-image-5375\" width=\"570\"\/><\/figure>\n\n\n\n<p style=\"font-size:17px\"><strong>Zwangslos<\/strong><br>F\u00fcr Teilnehmende besteht also kein Zwang zu einer Mitgliedschaft im Verein. W\u00e4hrend der Projektphase k\u00f6nnen aber die Aktivit\u00e4ten des Vereins geteilt werden. Wer zum Verein stossen m\u00f6chte, ist auch herzlich willkommen.<br><br><strong>M\u00f6gliche Vorgehensweise \/ ein paar Hinweise zur Planung<\/strong><\/p>\n\n\n\n<ul class=\"wp-block-list\" style=\"font-size:17px\">\n<li>Wahl eines Projektes zusammen in einer Gruppe von wenigstens  zwei Leuten<\/li>\n\n\n\n<li>Checken der n\u00f6tigen Vorkenntnisse zur Umsetzung<\/li>\n\n\n\n<li>Feinplanung der Aktivit\u00e4ten und des Zeitrahmens<\/li>\n\n\n\n<li>Budgetplanung<\/li>\n\n\n\n<li>Umsetzung in Absprache mit dem OV<\/li>\n<\/ul>\n\n\n\n<p style=\"font-size:17px\">R\u00fcckmeldungen bitte an den Pr\u00e4sidenten Martin Willi (079 874 01 61)&nbsp; <a href=\"mailto:martin.willi@outlook.com\">martin.willi@outlook.com<\/a> oder den Vizepr\u00e4sidenten Wilfried Vogt (079 957 75 16) <a href=\"mailto:wilfried.vogt@adon.li\">wilfried.vogt@adon.li<\/a><\/p>\n","protected":false},"excerpt":{"rendered":"<p>Der OV Balzers k\u00fcmmert sich nicht nur um Kleintiere und V\u00f6gel, sondern immer mehr auch um den Erhalt von nat\u00fcrlichem Lebensraum und Biodi-versit\u00e4t. Dazu m\u00f6chte unser Verein auch initiative und \u00abanpackige\u00bb Nichtmitglieder gewinnen, im folgenden Unternehmen mitzumachen: In kleineren oder gr\u00f6sseren Gruppen oder auch in der Familie soll je ein kleines Naturprojekt in unserer Gemeinde &hellip; <\/p>\n<p class=\"link-more\"><a href=\"https:\/\/www.lov.li\/?p=5371\" class=\"more-link\"><span class=\"screen-reader-text\">\u201eF\u00fcr eine vielf\u00e4ltige Natur &#8211; Balzers mit Zukunft\u201c <\/span>weiterlesen<\/a><\/p>\n","protected":false},"author":1,"featured_media":0,"comment_status":"closed","ping_status":"closed","sticky":false,"template":"","format":"standard","meta":{"_uag_custom_page_level_css":"","footnotes":""},"categories":[3],"tags":[],"class_list":["post-5371","post","type-post","status-publish","format-standard","hentry","category-aktivitaeten-nvs"],"uagb_featured_image_src":{"full":false,"thumbnail":false,"medium":false,"medium_large":false,"large":false,"1536x1536":false,"2048x2048":false,"twentyseventeen-featured-image":false,"twentyseventeen-thumbnail-avatar":false},"uagb_author_info":{"display_name":"admin","author_link":"https:\/\/www.lov.li\/?author=1"},"uagb_comment_info":0,"uagb_excerpt":"Der OV Balzers k\u00fcmmert sich nicht nur um Kleintiere und V\u00f6gel, sondern immer mehr auch um den Erhalt von nat\u00fcrlichem Lebensraum und Biodi-versit\u00e4t. Dazu m\u00f6chte unser Verein auch initiative und \u00abanpackige\u00bb Nichtmitglieder gewinnen, im folgenden Unternehmen mitzumachen: In kleineren oder gr\u00f6sseren Gruppen oder auch in der Familie soll je ein kleines Naturprojekt in unserer Gemeinde&hellip;","_links":{"self":[{"href":"https:\/\/www.lov.li\/index.php?rest_route=\/wp\/v2\/posts\/5371","targetHints":{"allow":["GET"]}}],"collection":[{"href":"https:\/\/www.lov.li\/index.php?rest_route=\/wp\/v2\/posts"}],"about":[{"href":"https:\/\/www.lov.li\/index.php?rest_route=\/wp\/v2\/types\/post"}],"author":[{"embeddable":true,"href":"https:\/\/www.lov.li\/index.php?rest_route=\/wp\/v2\/users\/1"}],"replies":[{"embeddable":true,"href":"https:\/\/www.lov.li\/index.php?rest_route=%2Fwp%2Fv2%2Fcomments&post=5371"}],"version-history":[{"count":9,"href":"https:\/\/www.lov.li\/index.php?rest_route=\/wp\/v2\/posts\/5371\/revisions"}],"predecessor-version":[{"id":5386,"href":"https:\/\/www.lov.li\/index.php?rest_route=\/wp\/v2\/posts\/5371\/revisions\/5386"}],"wp:attachment":[{"href":"https:\/\/www.lov.li\/index.php?rest_route=%2Fwp%2Fv2%2Fmedia&parent=5371"}],"wp:term":[{"taxonomy":"category","embeddable":true,"href":"https:\/\/www.lov.li\/index.php?rest_route=%2Fwp%2Fv2%2Fcategories&post=5371"},{"taxonomy":"post_tag","embeddable":true,"href":"https:\/\/www.lov.li\/index.php?rest_route=%2Fwp%2Fv2%2Ftags&post=5371"}],"curies":[{"name":"wp","href":"https:\/\/api.w.org\/{rel}","templated":true}]}}