{"id":5204,"date":"2022-04-03T14:39:54","date_gmt":"2022-04-03T13:39:54","guid":{"rendered":"https:\/\/www.lov.li\/?p=5204"},"modified":"2026-01-16T19:20:49","modified_gmt":"2026-01-16T18:20:49","slug":"realschule-balzers-einsatz-fuer-mehr-biodiversitaet","status":"publish","type":"post","link":"https:\/\/www.lov.li\/?p=5204","title":{"rendered":"Realschule Balzers &#8211; Einsatz f\u00fcr mehr Biodiversit\u00e4t"},"content":{"rendered":"<div class=\"wp-block-image\">\n<figure class=\"alignleft\"><a href=\"https:\/\/www.lov.li\/wp-content\/uploads\/Kleintierhotel-b-Kopie.gif\" rel=\"noopener\"><img loading=\"lazy\" decoding=\"async\" width=\"225\" height=\"300\" src=\"https:\/\/www.lov.li\/wp-content\/uploads\/Kleintierhotel-b-Kopie-225x300.gif\" alt=\"\" class=\"wp-image-5208\"\/><\/a><figcaption class=\"wp-element-caption\">Kleintierhotel, erstellt von RSB-Sch\u00fclerinnen und Sch\u00fclern<\/figcaption><\/figure>\n<\/div>\n\n\n<p>Die Realschule Balzers nahm die vergangene Woche zum Anlass, in verschiedenen Projekten der Bedeutung einer gesunden Umwelt mehr Raum zu geben. Nebst einem vergleichenden Untersuch des Landeskanals beim Schlosshof Balzers und an einer kanalisierten Stelle wurden auch Aufbesserungs-arbeiten bei der Alten Landstrasse in Angriff genommen.<\/p>\n\n\n\n<p>Gestaffelt arbeitete die Sch\u00fclerschaft mit Schaufel und Pickel, Harke und Spaten an verschiedenen Punkten f\u00fcr mehr und vielf\u00e4ltigere Natur. Mit Hilfe des Forstes und der Werkgruppe wurden die Pl\u00e4tze bestimmt und das n\u00f6tige Material beschafft. <\/p>\n\n\n\n<!--more-->\n\n\n\n<p>Kleintierhotels wurden erstellt &#8211; f\u00fcr Wiesel, Igel, K\u00e4fer und Schmetterlinge, Ast- und Schilfhaufen aufgeschichtet f\u00fcr V\u00f6gel und Reptilien, Magerstandorte mit Kies und Sand aufgef\u00fcllt f\u00fcr Wildbienen.<\/p>\n\n\n\n<p>Ausserdem wurden mit Hilfe der Werkgruppe Balzers eine ganze Reihe einheimischen Feldgeh\u00f6lzes gepflanzt, welches die spannende Vielfalt unserer Landschaft noch betonen soll: Wildrosen, Weissdorn, Vogelbeere, Tierlibaum, Sanddorn, Wacholder u.a.m. Dass diese Pflanzen ein wichtiger Teil eines \u00f6kologischen Netzwerkes darstellen, erfuhren die Sch\u00fclerinnen und Sch\u00fcler an einem separaten Info-Impuls. Und nicht nur dies &#8211; auch, dass unsere Gemeinde und unser Land eigentlich eine grosse Mannigfaltigkeit an Lebensr\u00e4umen aufzuweisen h\u00e4tten.<\/p>\n\n\n\n<p>Viele Lebensr\u00e4ume wurden und werden allerdings auf kleinste Fl\u00e4chen zur\u00fcckgedr\u00e4ngt, so dass der Platz f\u00fcr die Arten schwindet und die Wechselwirkungen der Lebensr\u00e4ume bedroht sind. Die erfolgten Verbesserungen entlang eines beliebten Wanderweges sollten deshalb auch die Bev\u00f6lkerung dazu bewegen, \u00fcber die Zukunft und die M\u00f6glichkeiten neuer Lebensr\u00e4ume nachzudenken.<\/p>\n\n\n\n<p>Wilfried Vogt<\/p>\n\n\n\n<p><a href=\"https:\/\/www.lov.li\/wp-content\/uploads\/vb-2022-04-20-7.pdf\" target=\"_blank\" rel=\"noopener\">Bericht<\/a> im Liechtensteiner Volksblatt vom 20.4.2022<\/p>\n\n\n\n<p>Weitere Bildimpressionen:<\/p>\n\n\n\n<figure class=\"wp-block-gallery has-nested-images columns-2 is-cropped wp-block-gallery-1 is-layout-flex wp-block-gallery-is-layout-flex\">\n<figure class=\"wp-block-image size-large\"><img loading=\"lazy\" decoding=\"async\" width=\"570\" height=\"760\" data-id=\"5213\" src=\"https:\/\/www.lov.li\/wp-content\/uploads\/Projektwoche-Alte-Landstross-b-570x760.gif\" alt=\"\" class=\"wp-image-5213\" srcset=\"https:\/\/www.lov.li\/wp-content\/uploads\/Projektwoche-Alte-Landstross-b-570x760.gif 570w, https:\/\/www.lov.li\/wp-content\/uploads\/Projektwoche-Alte-Landstross-b-225x300.gif 225w\" sizes=\"auto, (max-width: 570px) 100vw, 570px\" \/><\/figure>\n\n\n\n<figure class=\"wp-block-image size-large\"><img loading=\"lazy\" decoding=\"async\" width=\"480\" height=\"640\" data-id=\"5207\" src=\"https:\/\/www.lov.li\/wp-content\/uploads\/Bild-Kleintierhotel-a-Kopie.gif\" alt=\"\" class=\"wp-image-5207\"\/><\/figure>\n\n\n\n<figure class=\"wp-block-image size-large\"><img loading=\"lazy\" decoding=\"async\" width=\"570\" height=\"428\" data-id=\"5209\" src=\"https:\/\/www.lov.li\/wp-content\/uploads\/Projektwoche-Alte-Landstross-a-Kopie-570x428.gif\" alt=\"\" class=\"wp-image-5209\" srcset=\"https:\/\/www.lov.li\/wp-content\/uploads\/Projektwoche-Alte-Landstross-a-Kopie-570x428.gif 570w, https:\/\/www.lov.li\/wp-content\/uploads\/Projektwoche-Alte-Landstross-a-Kopie-300x225.gif 300w, https:\/\/www.lov.li\/wp-content\/uploads\/Projektwoche-Alte-Landstross-a-Kopie-768x576.gif 768w\" sizes=\"auto, (max-width: 570px) 100vw, 570px\" \/><\/figure>\n\n\n\n<figure class=\"wp-block-image size-large\"><img loading=\"lazy\" decoding=\"async\" width=\"570\" height=\"428\" data-id=\"5206\" src=\"https:\/\/www.lov.li\/wp-content\/uploads\/Projektwoche-Alte-Landstross-c-Kopie-570x428.gif\" alt=\"\" class=\"wp-image-5206\" srcset=\"https:\/\/www.lov.li\/wp-content\/uploads\/Projektwoche-Alte-Landstross-c-Kopie-570x428.gif 570w, https:\/\/www.lov.li\/wp-content\/uploads\/Projektwoche-Alte-Landstross-c-Kopie-300x225.gif 300w, https:\/\/www.lov.li\/wp-content\/uploads\/Projektwoche-Alte-Landstross-c-Kopie-768x576.gif 768w\" sizes=\"auto, (max-width: 570px) 100vw, 570px\" \/><\/figure>\n<\/figure>\n","protected":false},"excerpt":{"rendered":"<p>Die Realschule Balzers nahm die vergangene Woche zum Anlass, in verschiedenen Projekten der Bedeutung einer gesunden Umwelt mehr Raum zu geben. Nebst einem vergleichenden Untersuch des Landeskanals beim Schlosshof Balzers und an einer kanalisierten Stelle wurden auch Aufbesserungs-arbeiten bei der Alten Landstrasse in Angriff genommen. Gestaffelt arbeitete die Sch\u00fclerschaft mit Schaufel und Pickel, Harke und &hellip; <\/p>\n<p class=\"link-more\"><a href=\"https:\/\/www.lov.li\/?p=5204\" class=\"more-link\"><span class=\"screen-reader-text\">\u201eRealschule Balzers &#8211; Einsatz f\u00fcr mehr Biodiversit\u00e4t\u201c <\/span>weiterlesen<\/a><\/p>\n","protected":false},"author":1,"featured_media":0,"comment_status":"closed","ping_status":"closed","sticky":false,"template":"","format":"standard","meta":{"_uag_custom_page_level_css":"","footnotes":""},"categories":[3],"tags":[],"class_list":["post-5204","post","type-post","status-publish","format-standard","hentry","category-aktivitaeten-nvs"],"uagb_featured_image_src":{"full":false,"thumbnail":false,"medium":false,"medium_large":false,"large":false,"1536x1536":false,"2048x2048":false,"twentyseventeen-featured-image":false,"twentyseventeen-thumbnail-avatar":false},"uagb_author_info":{"display_name":"admin","author_link":"https:\/\/www.lov.li\/?author=1"},"uagb_comment_info":0,"uagb_excerpt":"Die Realschule Balzers nahm die vergangene Woche zum Anlass, in verschiedenen Projekten der Bedeutung einer gesunden Umwelt mehr Raum zu geben. Nebst einem vergleichenden Untersuch des Landeskanals beim Schlosshof Balzers und an einer kanalisierten Stelle wurden auch Aufbesserungs-arbeiten bei der Alten Landstrasse in Angriff genommen. Gestaffelt arbeitete die Sch\u00fclerschaft mit Schaufel und Pickel, Harke und&hellip;","_links":{"self":[{"href":"https:\/\/www.lov.li\/index.php?rest_route=\/wp\/v2\/posts\/5204","targetHints":{"allow":["GET"]}}],"collection":[{"href":"https:\/\/www.lov.li\/index.php?rest_route=\/wp\/v2\/posts"}],"about":[{"href":"https:\/\/www.lov.li\/index.php?rest_route=\/wp\/v2\/types\/post"}],"author":[{"embeddable":true,"href":"https:\/\/www.lov.li\/index.php?rest_route=\/wp\/v2\/users\/1"}],"replies":[{"embeddable":true,"href":"https:\/\/www.lov.li\/index.php?rest_route=%2Fwp%2Fv2%2Fcomments&post=5204"}],"version-history":[{"count":18,"href":"https:\/\/www.lov.li\/index.php?rest_route=\/wp\/v2\/posts\/5204\/revisions"}],"predecessor-version":[{"id":6633,"href":"https:\/\/www.lov.li\/index.php?rest_route=\/wp\/v2\/posts\/5204\/revisions\/6633"}],"wp:attachment":[{"href":"https:\/\/www.lov.li\/index.php?rest_route=%2Fwp%2Fv2%2Fmedia&parent=5204"}],"wp:term":[{"taxonomy":"category","embeddable":true,"href":"https:\/\/www.lov.li\/index.php?rest_route=%2Fwp%2Fv2%2Fcategories&post=5204"},{"taxonomy":"post_tag","embeddable":true,"href":"https:\/\/www.lov.li\/index.php?rest_route=%2Fwp%2Fv2%2Ftags&post=5204"}],"curies":[{"name":"wp","href":"https:\/\/api.w.org\/{rel}","templated":true}]}}