{"id":5146,"date":"2022-01-22T13:36:21","date_gmt":"2022-01-22T12:36:21","guid":{"rendered":"https:\/\/www.lov.li\/?p=5146"},"modified":"2026-01-16T19:24:45","modified_gmt":"2026-01-16T18:24:45","slug":"schwierige-ausstellungssaison-fuer-die-kleintierzuechter","status":"publish","type":"post","link":"https:\/\/www.lov.li\/?p=5146","title":{"rendered":"Schwierige Ausstellungssaison f\u00fcr die Kleintierz\u00fcchter"},"content":{"rendered":"<div class=\"wp-block-image\">\n<figure class=\"alignleft\"><a href=\"https:\/\/www.lov.li\/wp-content\/uploads\/Angora-Vaduz22-scaled.gif\" rel=\"noopener\"><img loading=\"lazy\" decoding=\"async\" width=\"300\" height=\"300\" src=\"https:\/\/www.lov.li\/wp-content\/uploads\/Angora-Vaduz22-300x300.gif\" alt=\"\" class=\"wp-image-5156\" srcset=\"https:\/\/www.lov.li\/wp-content\/uploads\/Angora-Vaduz22-300x300.gif 300w, https:\/\/www.lov.li\/wp-content\/uploads\/Angora-Vaduz22-570x570.gif 570w, https:\/\/www.lov.li\/wp-content\/uploads\/Angora-Vaduz22-150x150.gif 150w, https:\/\/www.lov.li\/wp-content\/uploads\/Angora-Vaduz22-768x768.gif 768w, https:\/\/www.lov.li\/wp-content\/uploads\/Angora-Vaduz22-1536x1536.gif 1536w, https:\/\/www.lov.li\/wp-content\/uploads\/Angora-Vaduz22-2048x2048.gif 2048w, https:\/\/www.lov.li\/wp-content\/uploads\/Angora-Vaduz22-100x100.gif 100w\" sizes=\"auto, (max-width: 300px) 100vw, 300px\" \/><\/a><figcaption class=\"wp-element-caption\">Ein Hingucker: Angora-Kaninchen von Ignaz Hutter<\/figcaption><\/figure>\n<\/div>\n\n\n<p>Coronabedingt wurden auch in diesem Jahr verschiedene Ausstellungen abgesagt. Das ist sehr schade, denn diejenigen, die sich an die Vorschriften hielten, konnten mit dem notwendigen Engagement ihre Anl\u00e4sse durchf\u00fchren, was f\u00fcr die Motivation der Kleintierz\u00fcchter sehr f\u00f6rderlich war.<\/p>\n\n\n\n<!--more-->\n\n\n\n<p><span style=\"font-size: 14pt;\"><strong>Regionale Ausstellungen<br><\/strong><\/span>Bereits Mitte Oktober organisierte der Japaner Klub, Gruppe Ost eine Ausstellung in Wangs, wobei Simon Foser das Siegertier bei den Loh-Kaninchen stellte.<\/p>\n\n\n\n<p>An der Glarner Kantonalen Sie- oder Er-Ausstellung in Niederurnen, am 8.\/9.1.2022 durften sich folgende LOV-Z\u00fcchter \u00fcber Siegertiere freuen:<br>Benno B\u00fcchel, Englischschecken; Stefan Eberle, Japaner; Aurelia Pfiffner, Havannarex; Leonhard Weber, Zwerggefl\u00fcgel (Deutsche Zwergh\u00fchner, goldhalsig)<\/p>\n\n\n<div class=\"wp-block-image\">\n<figure class=\"alignleft\"><a href=\"https:\/\/www.lov.li\/wp-content\/uploads\/ChristianOehri-scaled.gif\" rel=\"noopener\"><img loading=\"lazy\" decoding=\"async\" width=\"300\" height=\"300\" src=\"https:\/\/www.lov.li\/wp-content\/uploads\/ChristianOehri-300x300.gif\" alt=\"\" class=\"wp-image-5149\" srcset=\"https:\/\/www.lov.li\/wp-content\/uploads\/ChristianOehri-300x300.gif 300w, https:\/\/www.lov.li\/wp-content\/uploads\/ChristianOehri-570x570.gif 570w, https:\/\/www.lov.li\/wp-content\/uploads\/ChristianOehri-150x150.gif 150w, https:\/\/www.lov.li\/wp-content\/uploads\/ChristianOehri-768x768.gif 768w, https:\/\/www.lov.li\/wp-content\/uploads\/ChristianOehri-1536x1536.gif 1536w, https:\/\/www.lov.li\/wp-content\/uploads\/ChristianOehri-2048x2048.gif 2048w, https:\/\/www.lov.li\/wp-content\/uploads\/ChristianOehri-100x100.gif 100w\" sizes=\"auto, (max-width: 300px) 100vw, 300px\" \/><\/a><figcaption class=\"wp-element-caption\">Christian Oehri, eine der treibenden Kr\u00e4fte f\u00fcr diese Ausstellung<\/figcaption><\/figure>\n<\/div>\n\n\n<p><span style=\"font-size: 14pt;\"><strong>Freundschaftsausstellung in Vaduz<\/strong><\/span><br>Sehr erfreulich ist, dass am 22.1.2022, aus privater Initiative, in Vaduz eine Freundschaftsausstellung organisiert wurde. Neu war, dass die Tiere am Morgen gebracht und in bereitstehende Boxen gegeben wurden. Dann folgte die \u00f6ffentliche <a href=\"https:\/\/www.lov.li\/wp-content\/uploads\/Freundschaftsausstellung_Katalog_fertig.pdf\" target=\"_blank\" rel=\"noopener\">Bewertung<\/a> und der Ausstich der sch\u00f6nsten Tiere, welche dann von den Experten vorgestellt und besprochen wurden. Nach dem gem\u00fctlichen Beisammensein nahmen die Z\u00fcchter ihre Tiere am Nachmittag wieder mit nach Hause und die Ausstellung konnte wieder abgebaut werden. Herzlichen Dank an das OK und an die Firma R\u00f6ckle AG, welche die R\u00e4umlichkeit zur Verf\u00fcgung stellte..<\/p>\n\n\n\n<p>An die Z\u00fcchter folgender Tiere mit einer Bewertung von 97 Punkten wurde von den Experten Markus Pfiffner und Simon Foser je ein Ehrenpreis vergeben:<\/p>\n\n\n\n<figure class=\"wp-block-gallery has-nested-images columns-2 is-cropped wp-block-gallery-1 is-layout-flex wp-block-gallery-is-layout-flex\">\n<figure class=\"wp-block-image size-large\"><img loading=\"lazy\" decoding=\"async\" width=\"570\" height=\"570\" data-id=\"5181\" src=\"https:\/\/www.lov.li\/wp-content\/uploads\/Ehrenpeis-Hermelin-Vaduz-22-570x570.gif\" alt=\"\" class=\"wp-image-5181\" srcset=\"https:\/\/www.lov.li\/wp-content\/uploads\/Ehrenpeis-Hermelin-Vaduz-22-570x570.gif 570w, https:\/\/www.lov.li\/wp-content\/uploads\/Ehrenpeis-Hermelin-Vaduz-22-300x300.gif 300w, https:\/\/www.lov.li\/wp-content\/uploads\/Ehrenpeis-Hermelin-Vaduz-22-150x150.gif 150w, https:\/\/www.lov.li\/wp-content\/uploads\/Ehrenpeis-Hermelin-Vaduz-22-768x768.gif 768w, https:\/\/www.lov.li\/wp-content\/uploads\/Ehrenpeis-Hermelin-Vaduz-22-1536x1536.gif 1536w, https:\/\/www.lov.li\/wp-content\/uploads\/Ehrenpeis-Hermelin-Vaduz-22-2048x2048.gif 2048w, https:\/\/www.lov.li\/wp-content\/uploads\/Ehrenpeis-Hermelin-Vaduz-22-100x100.gif 100w\" sizes=\"auto, (max-width: 570px) 100vw, 570px\" \/><\/figure>\n\n\n\n<figure class=\"wp-block-image size-large\"><img loading=\"lazy\" decoding=\"async\" width=\"570\" height=\"570\" data-id=\"5151\" src=\"https:\/\/www.lov.li\/wp-content\/uploads\/Ehrenpreis-Dalmatiner-570x570.jpg\" alt=\"\" class=\"wp-image-5151\" srcset=\"https:\/\/www.lov.li\/wp-content\/uploads\/Ehrenpreis-Dalmatiner-570x570.jpg 570w, https:\/\/www.lov.li\/wp-content\/uploads\/Ehrenpreis-Dalmatiner-300x300.jpg 300w, https:\/\/www.lov.li\/wp-content\/uploads\/Ehrenpreis-Dalmatiner-150x150.jpg 150w, https:\/\/www.lov.li\/wp-content\/uploads\/Ehrenpreis-Dalmatiner-768x768.jpg 768w, https:\/\/www.lov.li\/wp-content\/uploads\/Ehrenpreis-Dalmatiner-100x100.jpg 100w, https:\/\/www.lov.li\/wp-content\/uploads\/Ehrenpreis-Dalmatiner.jpg 1088w\" sizes=\"auto, (max-width: 570px) 100vw, 570px\" \/><\/figure>\n<\/figure>\n\n\n\n<p><strong><span style=\"font-size: 14pt;\">Klubausstellungen<\/span><br><\/strong>An verschiedenen Klubausstellungen wurden \u00abTischbewertungen\u00bb durchgef\u00fchrt, d.h., die Tiere wurden zwar punktiert, jedoch nicht ausgestellt. Die Z\u00fcchter nahmen ihre Tiere am gleichen Tag wieder nach Hause.<br>Unsere Z\u00fcchter waren \u00abbei den Leuten\u00bb und haben insgesamt sehr gute Ergebnisse erzielt, insbesondere folgende:<\/p>\n\n\n<div class=\"wp-block-image\">\n<figure class=\"alignleft\"><a href=\"https:\/\/www.lov.li\/wp-content\/uploads\/Castorrex-Zibbe-2022.gif\" rel=\"noopener\"><img loading=\"lazy\" decoding=\"async\" width=\"300\" height=\"300\" src=\"https:\/\/www.lov.li\/wp-content\/uploads\/Castorrex-Zibbe-2022-300x300.gif\" alt=\"\" class=\"wp-image-5150\" srcset=\"https:\/\/www.lov.li\/wp-content\/uploads\/Castorrex-Zibbe-2022-300x300.gif 300w, https:\/\/www.lov.li\/wp-content\/uploads\/Castorrex-Zibbe-2022-570x570.gif 570w, https:\/\/www.lov.li\/wp-content\/uploads\/Castorrex-Zibbe-2022-150x150.gif 150w, https:\/\/www.lov.li\/wp-content\/uploads\/Castorrex-Zibbe-2022-768x768.gif 768w, https:\/\/www.lov.li\/wp-content\/uploads\/Castorrex-Zibbe-2022-100x100.gif 100w\" sizes=\"auto, (max-width: 300px) 100vw, 300px\" \/><\/a><figcaption class=\"wp-element-caption\">Castorrex-Zibbe aus dem Stall von Landesobmann Patrick Marxer<\/figcaption><\/figure>\n<\/div>\n\n\n<p>Franziska Marxer, Eschen, Siegerin Kollektionen und Farbenschlagsiegerin bei den Castorrex,<br>Patrick Marxer, Eschen, 2. Rang Kollektionen und Farbenschlagsieger Castorrex<\/p>\n\n\n\n<p>Christian Oehri, Ruggell, Sieger Kollektionen Blaurex und St\u00e4mme Havannarex sowie Farbenschlagsieger blau und havanna.<\/p>\n\n\n\n<p>&nbsp;<\/p>\n\n\n\n<p>Herzliche Gratulation zu den sch\u00f6nen Zuchterfolgen und vielen Dank f\u00fcr den Einsatz.<\/p>\n\n\n\n<p>Es folgt nun noch Ende Februar die Schweizerische Rammlerschau in Thun.<\/p>\n\n\n\n<p>&nbsp;<\/p>\n\n\n\n<p>&nbsp;<\/p>\n","protected":false},"excerpt":{"rendered":"<p>Coronabedingt wurden auch in diesem Jahr verschiedene Ausstellungen abgesagt. Das ist sehr schade, denn diejenigen, die sich an die Vorschriften hielten, konnten mit dem notwendigen Engagement ihre Anl\u00e4sse durchf\u00fchren, was f\u00fcr die Motivation der Kleintierz\u00fcchter sehr f\u00f6rderlich war.<\/p>\n","protected":false},"author":1,"featured_media":0,"comment_status":"closed","ping_status":"closed","sticky":false,"template":"","format":"standard","meta":{"_uag_custom_page_level_css":"","footnotes":""},"categories":[9],"tags":[],"class_list":["post-5146","post","type-post","status-publish","format-standard","hentry","category-archvierte-beitraege-kleintiere"],"uagb_featured_image_src":{"full":false,"thumbnail":false,"medium":false,"medium_large":false,"large":false,"1536x1536":false,"2048x2048":false,"twentyseventeen-featured-image":false,"twentyseventeen-thumbnail-avatar":false},"uagb_author_info":{"display_name":"admin","author_link":"https:\/\/www.lov.li\/?author=1"},"uagb_comment_info":0,"uagb_excerpt":"Coronabedingt wurden auch in diesem Jahr verschiedene Ausstellungen abgesagt. Das ist sehr schade, denn diejenigen, die sich an die Vorschriften hielten, konnten mit dem notwendigen Engagement ihre Anl\u00e4sse durchf\u00fchren, was f\u00fcr die Motivation der Kleintierz\u00fcchter sehr f\u00f6rderlich war.","_links":{"self":[{"href":"https:\/\/www.lov.li\/index.php?rest_route=\/wp\/v2\/posts\/5146","targetHints":{"allow":["GET"]}}],"collection":[{"href":"https:\/\/www.lov.li\/index.php?rest_route=\/wp\/v2\/posts"}],"about":[{"href":"https:\/\/www.lov.li\/index.php?rest_route=\/wp\/v2\/types\/post"}],"author":[{"embeddable":true,"href":"https:\/\/www.lov.li\/index.php?rest_route=\/wp\/v2\/users\/1"}],"replies":[{"embeddable":true,"href":"https:\/\/www.lov.li\/index.php?rest_route=%2Fwp%2Fv2%2Fcomments&post=5146"}],"version-history":[{"count":11,"href":"https:\/\/www.lov.li\/index.php?rest_route=\/wp\/v2\/posts\/5146\/revisions"}],"predecessor-version":[{"id":6641,"href":"https:\/\/www.lov.li\/index.php?rest_route=\/wp\/v2\/posts\/5146\/revisions\/6641"}],"wp:attachment":[{"href":"https:\/\/www.lov.li\/index.php?rest_route=%2Fwp%2Fv2%2Fmedia&parent=5146"}],"wp:term":[{"taxonomy":"category","embeddable":true,"href":"https:\/\/www.lov.li\/index.php?rest_route=%2Fwp%2Fv2%2Fcategories&post=5146"},{"taxonomy":"post_tag","embeddable":true,"href":"https:\/\/www.lov.li\/index.php?rest_route=%2Fwp%2Fv2%2Ftags&post=5146"}],"curies":[{"name":"wp","href":"https:\/\/api.w.org\/{rel}","templated":true}]}}