{"id":5041,"date":"2021-05-28T08:56:29","date_gmt":"2021-05-28T07:56:29","guid":{"rendered":"https:\/\/www.lov.li\/?p=5041"},"modified":"2026-01-16T21:14:07","modified_gmt":"2026-01-16T20:14:07","slug":"harmonische-dv-waehlt-neuen-verjuengten-vorstand","status":"publish","type":"post","link":"https:\/\/www.lov.li\/?p=5041","title":{"rendered":"Harmonische DV w\u00e4hlt neuen, verj\u00fcngten Vorstand"},"content":{"rendered":"<div class=\"wp-block-image\">\n<figure class=\"alignleft\"><a href=\"https:\/\/www.lov.li\/wp-content\/uploads\/VorstandLOV-2-Kopie.jpg\"><img loading=\"lazy\" decoding=\"async\" width=\"722\" height=\"478\" src=\"https:\/\/www.lov.li\/wp-content\/uploads\/VorstandLOV-2-Kopie.jpg\" alt=\"\" class=\"wp-image-5038\" srcset=\"https:\/\/www.lov.li\/wp-content\/uploads\/VorstandLOV-2-Kopie.jpg 722w, https:\/\/www.lov.li\/wp-content\/uploads\/VorstandLOV-2-Kopie-300x199.jpg 300w, https:\/\/www.lov.li\/wp-content\/uploads\/VorstandLOV-2-Kopie-570x377.jpg 570w\" sizes=\"auto, (max-width: 722px) 100vw, 722px\" \/><\/a><figcaption class=\"wp-element-caption\">LOV-Vorstand, v.l. Georg Willi, Rolf Jeitziner, Edith De Boni, Patrick Marxer<\/figcaption><\/figure>\n<\/div>\n\n\n<p>Dass der schon anfangs Jahr festgelegte Termin f\u00fcr die bereits zwei Mal verschobene&nbsp; DV des LOV f\u00fcr die Jahre 2019 und 2020 gl\u00fccklicherweise auf den Wiederer\u00f6ffnungstag nach Corona fiel, m\u00f6ge ein gutes Omen sein f\u00fcr den gezielt erneuerten Vorstand.<br>So herrschte auch eine gute Stimmung und alle Gesch\u00e4fte konnten z\u00fcgig und positiv erledigt werden.<br>Die Versammlung hat jeweils und mit Applaus Rolf Jeitziner (als Nachfolger von Benno B\u00fcchel) zum neuem Pr\u00e4sidenten und Patrick Marxer (als Nachfolger von Hans Frischknecht)&nbsp; zum neuem Landesobmann Kleintiere gew\u00e4hlt.<\/p>\n","protected":false},"excerpt":{"rendered":"<p>Dass der schon anfangs Jahr festgelegte Termin f\u00fcr die bereits zwei Mal verschobene&nbsp; DV des LOV f\u00fcr die Jahre 2019 und 2020 gl\u00fccklicherweise auf den Wiederer\u00f6ffnungstag nach Corona fiel, m\u00f6ge ein gutes Omen sein f\u00fcr den gezielt erneuerten Vorstand.So herrschte auch eine gute Stimmung und alle Gesch\u00e4fte konnten z\u00fcgig und positiv erledigt werden.Die Versammlung hat &hellip; <\/p>\n<p class=\"link-more\"><a href=\"https:\/\/www.lov.li\/?p=5041\" class=\"more-link\"><span class=\"screen-reader-text\">\u201eHarmonische DV w\u00e4hlt neuen, verj\u00fcngten Vorstand\u201c <\/span>weiterlesen<\/a><\/p>\n","protected":false},"author":1,"featured_media":0,"comment_status":"closed","ping_status":"closed","sticky":false,"template":"","format":"standard","meta":{"_uag_custom_page_level_css":"","footnotes":""},"categories":[3],"tags":[],"class_list":["post-5041","post","type-post","status-publish","format-standard","hentry","category-aktivitaeten-nvs"],"uagb_featured_image_src":{"full":false,"thumbnail":false,"medium":false,"medium_large":false,"large":false,"1536x1536":false,"2048x2048":false,"twentyseventeen-featured-image":false,"twentyseventeen-thumbnail-avatar":false},"uagb_author_info":{"display_name":"admin","author_link":"https:\/\/www.lov.li\/?author=1"},"uagb_comment_info":0,"uagb_excerpt":"Dass der schon anfangs Jahr festgelegte Termin f\u00fcr die bereits zwei Mal verschobene&nbsp; DV des LOV f\u00fcr die Jahre 2019 und 2020 gl\u00fccklicherweise auf den Wiederer\u00f6ffnungstag nach Corona fiel, m\u00f6ge ein gutes Omen sein f\u00fcr den gezielt erneuerten Vorstand.So herrschte auch eine gute Stimmung und alle Gesch\u00e4fte konnten z\u00fcgig und positiv erledigt werden.Die Versammlung hat&hellip;","_links":{"self":[{"href":"https:\/\/www.lov.li\/index.php?rest_route=\/wp\/v2\/posts\/5041","targetHints":{"allow":["GET"]}}],"collection":[{"href":"https:\/\/www.lov.li\/index.php?rest_route=\/wp\/v2\/posts"}],"about":[{"href":"https:\/\/www.lov.li\/index.php?rest_route=\/wp\/v2\/types\/post"}],"author":[{"embeddable":true,"href":"https:\/\/www.lov.li\/index.php?rest_route=\/wp\/v2\/users\/1"}],"replies":[{"embeddable":true,"href":"https:\/\/www.lov.li\/index.php?rest_route=%2Fwp%2Fv2%2Fcomments&post=5041"}],"version-history":[{"count":8,"href":"https:\/\/www.lov.li\/index.php?rest_route=\/wp\/v2\/posts\/5041\/revisions"}],"predecessor-version":[{"id":6645,"href":"https:\/\/www.lov.li\/index.php?rest_route=\/wp\/v2\/posts\/5041\/revisions\/6645"}],"wp:attachment":[{"href":"https:\/\/www.lov.li\/index.php?rest_route=%2Fwp%2Fv2%2Fmedia&parent=5041"}],"wp:term":[{"taxonomy":"category","embeddable":true,"href":"https:\/\/www.lov.li\/index.php?rest_route=%2Fwp%2Fv2%2Fcategories&post=5041"},{"taxonomy":"post_tag","embeddable":true,"href":"https:\/\/www.lov.li\/index.php?rest_route=%2Fwp%2Fv2%2Ftags&post=5041"}],"curies":[{"name":"wp","href":"https:\/\/api.w.org\/{rel}","templated":true}]}}