{"id":4994,"date":"2021-04-15T09:24:27","date_gmt":"2021-04-15T08:24:27","guid":{"rendered":"https:\/\/www.lov.li\/?p=4994"},"modified":"2026-01-14T13:17:40","modified_gmt":"2026-01-14T12:17:40","slug":"wer-ist-rolf-jeitziner","status":"publish","type":"post","link":"https:\/\/www.lov.li\/?p=4994","title":{"rendered":"Wer ist Rolf Jeitziner?"},"content":{"rendered":"<div class=\"wp-block-image\">\n<figure class=\"alignleft\"><a href=\"https:\/\/www.lov.li\/wp-content\/uploads\/RolfJeitziner.jpg\"><img loading=\"lazy\" decoding=\"async\" width=\"240\" height=\"300\" src=\"https:\/\/www.lov.li\/wp-content\/uploads\/RolfJeitziner-240x300.jpg\" alt=\"\" class=\"wp-image-4995\" srcset=\"https:\/\/www.lov.li\/wp-content\/uploads\/RolfJeitziner-240x300.jpg 240w, https:\/\/www.lov.li\/wp-content\/uploads\/RolfJeitziner.jpg 289w\" sizes=\"auto, (max-width: 240px) 100vw, 240px\" \/><\/a><\/figure>\n<\/div>\n\n\n<p><strong>Rolf Jeitziner, Triesen, soll neuer LOV-Pr\u00e4sident werden. Wer ist Rolf Jeitziner \u00fcberhaupt? Im folgenden Interview stellt sich der Kandidat des Vorstands kurz vor.<\/strong><\/p>\n\n\n\n<p><span style=\"color: #339966;\"><em>Rolf, was kannst Du uns kurz \u00fcber Dich sagen?<br><\/em><\/span>Ich wurde 1974 in Visp geboren, habe eine technische Ausbildung absolviert und lebe heute mit meiner Frau und unseren zwei Kindern in Triesen. Mein Walliser Dialekt ist nicht zu \u00fcberh\u00f6ren und auch mein Hintergrund als Kleinbauer und Naturmensch begleitet mich stark. Daher habe ich auch ein nat\u00fcrliches Verh\u00e4ltnis zur Vogelwelt und zu den Kleintieren.<\/p>\n\n\n\n<!--more-->\n\n\n\n<p><span style=\"color: #339966;\"><em>Was hat Dich bewegt, f\u00fcr das Amt des LOV-Pr\u00e4sidenten zu kandidieren?<br><\/em><\/span>Wir sind zu Gast auf diesem Planeten und als Gast benimmt man sich entsprechend. So sehe ich es auch mit unserer Natur und unserer Vogelwelt. Ich m\u00f6chte als Gast meinen Beitrag leisten zur Artenf\u00f6rderung und zur Biodiversit\u00e4t.<\/p>\n\n\n\n<p><span style=\"color: #339966;\"><em>Wie meinst Du das?<br><\/em><\/span>Mit der Natur befinden wir uns in einem Kreislauf. Jedes Tier, jede Blume oder Baum hat seine Funktion. Diese Ordnung aufrecht zu erhalten, motiviert mich sehr und die V\u00f6gel sind ein untr\u00fcglicher Indikator f\u00fcr den Zustand unseres Oekosystems. Sie k\u00f6nnen uns aber auch pers\u00f6nlich sehr viel geben; Vogelgesang erfreut nicht nur Ornithologen, er ist erwiesenermassen auch Balsam f\u00fcr gestresste Seelen. Das Erkennen der Vogelstimmen, die V\u00f6gel aufgrund ihres \u00c4usseren mit Namen anzusprechen und \u00fcbers Jahr den Vogelzug mitzuerleben, ist herrlich, besonders auch zusammen mit den Kindern.<\/p>\n\n\n\n<p><span style=\"color: #339966;\"><em>Welche konkreten Ziele w\u00fcrdest Du als LOV-Pr\u00e4sident anstreben?<br><\/em><\/span>Der LOV ist gut aufgestellt, Bew\u00e4hrtes soll selbstverst\u00e4ndlich wie bisher weitergef\u00fchrt werden, besonders auch der Unterhalt und die Erneuerung von Nisthilfen und die Schaffung m\u00f6glichst vieler artgerechter Natur-Lebensr\u00e4ume.<br>Wir wollen auch weiterhin den Anschluss an die grossen Trends nicht verpassen und unser Neztwerk pflegen, insbesondere:<\/p>\n\n\n\n<ul class=\"wp-block-list\">\n<li>Den neuen Schwung in punkto Biodiversit\u00e4t wollen auch wir aufnehmen und bei uns vorantreiben.<\/li>\n\n\n\n<li>Kontakte mit den Gemeinden, den \u00c4mtern und allen gleichgesinnten Umweltorganisationen finde ich sehr wichtig, auch \u00fcber die Grenzen nach \u00d6sterreich und der Schweiz. Gemeinsam sind wir stark und wir erhalten so mehr Gewicht.<\/li>\n\n\n\n<li>Die Jugendf\u00f6rderung liegt mir sehr am Herzen: Unsere Inhalte sollten wir in die Schulen tragen und vorallem auch junge Familien daf\u00fcr begeistern.<\/li>\n\n\n\n<li>Wir m\u00fcssen uns nicht verstecken, deshalb sollten wir Pr\u00e4senz in den regionalen Medien markieren und Kurse oder Workshops im Naturbereich anbieten, eigene oder zusammen mit \u00f6ffentlichen Kursanbietern.<\/li>\n<\/ul>\n\n\n\n<p><span style=\"color: #339966;\">Wie siehst Du die Sparte Kleintiere?<br><\/span>Insbesondere die Abteilung Kaninchen war \u00fcber Jahrzehnte ein tragender Pfeiler des LOV. Die Aufteilung in zwei voneinander unabh\u00e4ngige Sparten (\u00abNatur- und Vogelschutz\u00bb sowie \u00abKleintiere\u00bb) scheint mir eine sehr effiziente L\u00f6sung zu sein, die den aktuellen Bed\u00fcrfnissen gerecht wird. Wichtig f\u00fcr die Entwicklung des LOV und beider Sparten sind die Landesobm\u00e4nner und der Zusammenhalt innerhalb und zwischen den Vereinen.<\/p>\n\n\n\n<p><span style=\"color: #339966;\">Besten Dank, Rolf, und viel Kraft und Freude an der neuen Aufgabe.<\/span><\/p>\n","protected":false},"excerpt":{"rendered":"<p>Rolf Jeitziner, Triesen, soll neuer LOV-Pr\u00e4sident werden. Wer ist Rolf Jeitziner \u00fcberhaupt? Im folgenden Interview stellt sich der Kandidat des Vorstands kurz vor. Rolf, was kannst Du uns kurz \u00fcber Dich sagen?Ich wurde 1974 in Visp geboren, habe eine technische Ausbildung absolviert und lebe heute mit meiner Frau und unseren zwei Kindern in Triesen. Mein &hellip; <\/p>\n<p class=\"link-more\"><a href=\"https:\/\/www.lov.li\/?p=4994\" class=\"more-link\"><span class=\"screen-reader-text\">\u201eWer ist Rolf Jeitziner?\u201c <\/span>weiterlesen<\/a><\/p>\n","protected":false},"author":1,"featured_media":0,"comment_status":"closed","ping_status":"closed","sticky":false,"template":"","format":"standard","meta":{"_uag_custom_page_level_css":"","footnotes":""},"categories":[14],"tags":[],"class_list":["post-4994","post","type-post","status-publish","format-standard","hentry","category-archivierte-beitraege-nvs"],"uagb_featured_image_src":{"full":false,"thumbnail":false,"medium":false,"medium_large":false,"large":false,"1536x1536":false,"2048x2048":false,"twentyseventeen-featured-image":false,"twentyseventeen-thumbnail-avatar":false},"uagb_author_info":{"display_name":"admin","author_link":"https:\/\/www.lov.li\/?author=1"},"uagb_comment_info":0,"uagb_excerpt":"Rolf Jeitziner, Triesen, soll neuer LOV-Pr\u00e4sident werden. Wer ist Rolf Jeitziner \u00fcberhaupt? Im folgenden Interview stellt sich der Kandidat des Vorstands kurz vor. Rolf, was kannst Du uns kurz \u00fcber Dich sagen?Ich wurde 1974 in Visp geboren, habe eine technische Ausbildung absolviert und lebe heute mit meiner Frau und unseren zwei Kindern in Triesen. Mein&hellip;","_links":{"self":[{"href":"https:\/\/www.lov.li\/index.php?rest_route=\/wp\/v2\/posts\/4994","targetHints":{"allow":["GET"]}}],"collection":[{"href":"https:\/\/www.lov.li\/index.php?rest_route=\/wp\/v2\/posts"}],"about":[{"href":"https:\/\/www.lov.li\/index.php?rest_route=\/wp\/v2\/types\/post"}],"author":[{"embeddable":true,"href":"https:\/\/www.lov.li\/index.php?rest_route=\/wp\/v2\/users\/1"}],"replies":[{"embeddable":true,"href":"https:\/\/www.lov.li\/index.php?rest_route=%2Fwp%2Fv2%2Fcomments&post=4994"}],"version-history":[{"count":3,"href":"https:\/\/www.lov.li\/index.php?rest_route=\/wp\/v2\/posts\/4994\/revisions"}],"predecessor-version":[{"id":6506,"href":"https:\/\/www.lov.li\/index.php?rest_route=\/wp\/v2\/posts\/4994\/revisions\/6506"}],"wp:attachment":[{"href":"https:\/\/www.lov.li\/index.php?rest_route=%2Fwp%2Fv2%2Fmedia&parent=4994"}],"wp:term":[{"taxonomy":"category","embeddable":true,"href":"https:\/\/www.lov.li\/index.php?rest_route=%2Fwp%2Fv2%2Fcategories&post=4994"},{"taxonomy":"post_tag","embeddable":true,"href":"https:\/\/www.lov.li\/index.php?rest_route=%2Fwp%2Fv2%2Ftags&post=4994"}],"curies":[{"name":"wp","href":"https:\/\/api.w.org\/{rel}","templated":true}]}}