{"id":4973,"date":"2021-02-19T10:33:42","date_gmt":"2021-02-19T09:33:42","guid":{"rendered":"https:\/\/www.lov.li\/?p=4973"},"modified":"2022-01-11T09:11:14","modified_gmt":"2022-01-11T08:11:14","slug":"biologische-vielfalt-wie-lange-noch","status":"publish","type":"post","link":"https:\/\/www.lov.li\/?p=4973","title":{"rendered":"Biologische Vielfalt \u2013 Wie lange noch?"},"content":{"rendered":"<h3><strong>Uns geht es gut, so soll es bleiben!<\/strong><\/h3>\n<figure id=\"attachment_4975\" aria-describedby=\"caption-attachment-4975\" style=\"width: 300px\" class=\"wp-caption alignleft\"><a href=\"https:\/\/www.lov.li\/wp-content\/uploads\/Feldsperling.jpg\"><img loading=\"lazy\" decoding=\"async\" class=\"wp-image-4975 size-medium\" src=\"https:\/\/www.lov.li\/wp-content\/uploads\/Feldsperling-300x255.jpg\" alt=\"Feldsperling\" width=\"300\" height=\"255\" srcset=\"https:\/\/www.lov.li\/wp-content\/uploads\/Feldsperling-300x255.jpg 300w, https:\/\/www.lov.li\/wp-content\/uploads\/Feldsperling-570x485.jpg 570w, https:\/\/www.lov.li\/wp-content\/uploads\/Feldsperling.jpg 635w\" sizes=\"auto, (max-width: 300px) 100vw, 300px\" \/><\/a><figcaption id=\"caption-attachment-4975\" class=\"wp-caption-text\">Auch der Feldsperling braucht unsere R\u00fccksichtnahme<\/figcaption><\/figure>\n<p>Die Frage stellt sich, nur wie lange noch? Als Ornithologen versuchen wir Natur und Umwelt, besonders aber die Vogelwelt zu unterst\u00fctzen und zu f\u00f6rdern. J\u00e4hrlich im Februar s\u00e4ubern und unterhalten wir die, von uns der Vogelwelt zur Verf\u00fcgung gestellten Nisthilfen. Zunehmend von Jahr zu Jahr f\u00e4llt auf, dass die vorkommenden Arten immer weniger werden und nur noch Generalisten wie Sperling, Stare und Kohlmeisen in Brutk\u00e4sten festzustellen sind. <!--more-->Mancher Vogelliebhaber, der mit der Winterf\u00fctterung helfen will, fragt uns: Wo sind die V\u00f6gel geblieben? Bei Begehungen und Exkursionen schw\u00e4rmen \u00e4ltere Teilnehmer von der fr\u00fcheren Vielfalt, j\u00fcngeren kann man nur noch mit Bildern zeigen, welche Artenvielfalt eigentlich zu erwarten w\u00e4re. Ein f\u00fcr viele unwichtiges Detail, kaum der Rede wert. Was k\u00fcmmert uns die biologische Vielfalt? Eine funktionierende Infrastruktur f\u00fcr Lebensr\u00e4ume, Arten, genetische Vielfalt mit ihren Wechselwirkungen zur Erhaltung der Lebensr\u00e4ume (\u00d6kosysteme) und deren Leistungen? Leistungen der \u00d6kosysteme zum Wohlergehen der Menschen und zu allem weiteren Leben? l Wasserkreislauf l Bodenbildung l Sauerstoffversorgung l Best\u00e4ubung l Bereitstellung der Nahrungsmittel l Klima-Regulierung l Deckung grundlegender, nicht materieller Bed\u00fcrfnisse wie Erholung, Freude an der Natur und vieles anderes mehr. Das kommt doch von selbst, vom Himmel, gratis, ohne unser Zutun? Ja! Aber eben nur, wenn eine intakte, funktionierende Infrastruktur die Lebensr\u00e4ume f\u00fcr eine biologische Vielfalt bereitstellt! Und davon entfernen wir uns offensichtlich mit riesigen Schritten. Soll das so weitergehen? Anscheinend ja. Bei den zur\u00fcckliegenden Landtagswahlen haben wir von keiner Partei, keinem Kandidaten und keiner Kandidatin einen ernst zu nehmenden Aufschrei geh\u00f6rt. Uns geht es gut, so soll es bleiben! Die Frage stellt sich, nur wie lange noch?<\/p>\n<p>G\u00fcnther Batliner<\/p>\n<p><em>(Als Leserbrief am 19.2.2021 ver\u00f6ffentlicht)<\/em><\/p>\n","protected":false},"excerpt":{"rendered":"<p>Uns geht es gut, so soll es bleiben! Die Frage stellt sich, nur wie lange noch? Als Ornithologen versuchen wir Natur und Umwelt, besonders aber die Vogelwelt zu unterst\u00fctzen und zu f\u00f6rdern. J\u00e4hrlich im Februar s\u00e4ubern und unterhalten wir die, von uns der Vogelwelt zur Verf\u00fcgung gestellten Nisthilfen. Zunehmend von Jahr zu Jahr f\u00e4llt auf, &hellip; <\/p>\n<p class=\"link-more\"><a href=\"https:\/\/www.lov.li\/?p=4973\" class=\"more-link\"><span class=\"screen-reader-text\">\u201eBiologische Vielfalt \u2013 Wie lange noch?\u201c <\/span>weiterlesen<\/a><\/p>\n","protected":false},"author":1,"featured_media":0,"comment_status":"closed","ping_status":"closed","sticky":false,"template":"","format":"standard","meta":{"_uag_custom_page_level_css":"","footnotes":""},"categories":[3],"tags":[],"class_list":["post-4973","post","type-post","status-publish","format-standard","hentry","category-aktivitaeten-nvs"],"uagb_featured_image_src":{"full":false,"thumbnail":false,"medium":false,"medium_large":false,"large":false,"1536x1536":false,"2048x2048":false,"twentyseventeen-featured-image":false,"twentyseventeen-thumbnail-avatar":false},"uagb_author_info":{"display_name":"admin","author_link":"https:\/\/www.lov.li\/?author=1"},"uagb_comment_info":0,"uagb_excerpt":"Uns geht es gut, so soll es bleiben! Die Frage stellt sich, nur wie lange noch? Als Ornithologen versuchen wir Natur und Umwelt, besonders aber die Vogelwelt zu unterst\u00fctzen und zu f\u00f6rdern. J\u00e4hrlich im Februar s\u00e4ubern und unterhalten wir die, von uns der Vogelwelt zur Verf\u00fcgung gestellten Nisthilfen. Zunehmend von Jahr zu Jahr f\u00e4llt auf,&hellip;","_links":{"self":[{"href":"https:\/\/www.lov.li\/index.php?rest_route=\/wp\/v2\/posts\/4973","targetHints":{"allow":["GET"]}}],"collection":[{"href":"https:\/\/www.lov.li\/index.php?rest_route=\/wp\/v2\/posts"}],"about":[{"href":"https:\/\/www.lov.li\/index.php?rest_route=\/wp\/v2\/types\/post"}],"author":[{"embeddable":true,"href":"https:\/\/www.lov.li\/index.php?rest_route=\/wp\/v2\/users\/1"}],"replies":[{"embeddable":true,"href":"https:\/\/www.lov.li\/index.php?rest_route=%2Fwp%2Fv2%2Fcomments&post=4973"}],"version-history":[{"count":5,"href":"https:\/\/www.lov.li\/index.php?rest_route=\/wp\/v2\/posts\/4973\/revisions"}],"predecessor-version":[{"id":4980,"href":"https:\/\/www.lov.li\/index.php?rest_route=\/wp\/v2\/posts\/4973\/revisions\/4980"}],"wp:attachment":[{"href":"https:\/\/www.lov.li\/index.php?rest_route=%2Fwp%2Fv2%2Fmedia&parent=4973"}],"wp:term":[{"taxonomy":"category","embeddable":true,"href":"https:\/\/www.lov.li\/index.php?rest_route=%2Fwp%2Fv2%2Fcategories&post=4973"},{"taxonomy":"post_tag","embeddable":true,"href":"https:\/\/www.lov.li\/index.php?rest_route=%2Fwp%2Fv2%2Ftags&post=4973"}],"curies":[{"name":"wp","href":"https:\/\/api.w.org\/{rel}","templated":true}]}}