{"id":4963,"date":"2021-01-26T21:07:58","date_gmt":"2021-01-26T20:07:58","guid":{"rendered":"https:\/\/www.lov.li\/?p=4963"},"modified":"2021-02-19T10:34:15","modified_gmt":"2021-02-19T09:34:15","slug":"2-februar-welttag-der-feuchtgebiete","status":"publish","type":"post","link":"https:\/\/www.lov.li\/?p=4963","title":{"rendered":"2. Februar: Welttag der Feuchtgebiete"},"content":{"rendered":"<figure id=\"attachment_4964\" aria-describedby=\"caption-attachment-4964\" style=\"width: 223px\" class=\"wp-caption alignleft\"><a href=\"https:\/\/www.lov.li\/wp-content\/uploads\/Alpenrhein_Eschener_Au_Aufweitung_Visualisiert_\u00a9Lebendiger_Alpenrhein_2011.jpg\"><img loading=\"lazy\" decoding=\"async\" class=\"wp-image-4964 size-medium\" src=\"https:\/\/www.lov.li\/wp-content\/uploads\/Alpenrhein_Eschener_Au_Aufweitung_Visualisiert_\u00a9Lebendiger_Alpenrhein_2011-223x300.jpg\" alt=\"\" width=\"223\" height=\"300\" srcset=\"https:\/\/www.lov.li\/wp-content\/uploads\/Alpenrhein_Eschener_Au_Aufweitung_Visualisiert_\u00a9Lebendiger_Alpenrhein_2011-223x300.jpg 223w, https:\/\/www.lov.li\/wp-content\/uploads\/Alpenrhein_Eschener_Au_Aufweitung_Visualisiert_\u00a9Lebendiger_Alpenrhein_2011.jpg 450w\" sizes=\"auto, (max-width: 223px) 100vw, 223px\" \/><\/a><figcaption id=\"caption-attachment-4964\" class=\"wp-caption-text\">Projekt Eschner Au-Aufweitung<\/figcaption><\/figure>\n<p><strong><span style=\"font-size: 14pt;\">Einladung zum Onlinevortrag Welttag der Feuchtgebiete<\/span><\/strong><\/p>\n<p><strong><span style=\"color: #008000;\">2.2.2021, 17:00-18:00\u00a0 Uhr<\/span><\/strong><br \/>\n<strong><span style=\"color: #008000;\">Online unter: <a style=\"color: #008000;\" href=\"https:\/\/tinyurl.com\/yxlekvkq\">https:\/\/tinyurl.com\/yxlekvkq<\/a><\/span><\/strong><\/p>\n<p>Auch Liechtenstein kann mit dem Schutz und der F\u00f6rderung von intakten Feuchtgebieten wichtige Beitr\u00e4ge zur Biodiversit\u00e4t und Lebensqualit\u00e4t leisten. Indem wir den Alpenrhein abschnittweise aufweiten, helfen wir vielen wassergebundenen Tier- und Pflanzenarten. Auw\u00e4lder werden wieder lebendig und dynamisch. Der Wasserr\u00fcckhalt wird erh\u00f6ht und ein lebendiger Fluss reinigt besser.<!--more--><br \/>\nDas diesj\u00e4hrige Schwerpunktthema &#8222;Feuchtgebiete und Wasser&#8220; zum Tag der Feuchtgebiete r\u00fcckt den Fokus auf Feuchtgebiete als Quellen f\u00fcr sauberes (Trink-)Wasser und ermutigt zu Massnahmen, sie wiederherzustellen und ihren Verlust zu stoppen. In diesem Sinne werden wir alles daran setzen, dass die Rheinaufweitungen bald Realit\u00e4t werden.<br \/>\nDaher widmet die LGU, der LOV, die BZG und die Werkstatt Faire Zukunft ihr diesj\u00e4hriges Engagement im Rahmen der Ramsar-Konvention einem lebendigeren Alpenrhein und l\u00e4dt euch am 2. Februar, dem Welttag der Feuchtgebiete, zu einem online Vortrag ein.<br \/>\nAn unserer Online Veranstaltung haben wir neben Andi G\u00f6tz auch Christian G\u00f6ldi, Pionier des \u00f6kologischen Flussbaus, beim online Gespr\u00e4ch mit dabei.<\/p>\n<p><span style=\"color: #008000;\"><strong>Hier geht es zum Vortrag:<\/strong> <a style=\"color: #008000;\" href=\"https:\/\/tinyurl.com\/yxlekvkq\">https:\/\/tinyurl.com\/yxlekvkq<\/a><\/span><br \/>\n<span style=\"color: #008000;\">Beim Klicken auf den Link kommen Sie direkt zum Vortrag.<\/span><\/p>\n<p><a href=\"https:\/\/www.lov.li\/wp-content\/uploads\/2015\/04\/Adobe_Acrobat_v8.0_icon.svg-1-e1429341183514.png\"><img loading=\"lazy\" decoding=\"async\" class=\"alignleft size-full wp-image-2663\" src=\"https:\/\/www.lov.li\/wp-content\/uploads\/2015\/04\/Adobe_Acrobat_v8.0_icon.svg-1-e1429341183514.png\" alt=\"\" width=\"40\" height=\"40\" \/><\/a> <a href=\"https:\/\/www.lov.li\/wp-content\/uploads\/E_2021_02-01_WWD_Naturnaher-Alpenrhein.pdf\" target=\"_blank\" rel=\"noopener\">Einladung Online-Vortrag\/Gespr\u00e4ch-Naturnaher Alpenrhein<\/a><\/p>\n","protected":false},"excerpt":{"rendered":"<p>Einladung zum Onlinevortrag Welttag der Feuchtgebiete 2.2.2021, 17:00-18:00\u00a0 Uhr Online unter: https:\/\/tinyurl.com\/yxlekvkq Auch Liechtenstein kann mit dem Schutz und der F\u00f6rderung von intakten Feuchtgebieten wichtige Beitr\u00e4ge zur Biodiversit\u00e4t und Lebensqualit\u00e4t leisten. Indem wir den Alpenrhein abschnittweise aufweiten, helfen wir vielen wassergebundenen Tier- und Pflanzenarten. Auw\u00e4lder werden wieder lebendig und dynamisch. Der Wasserr\u00fcckhalt wird erh\u00f6ht und &hellip; <\/p>\n<p class=\"link-more\"><a href=\"https:\/\/www.lov.li\/?p=4963\" class=\"more-link\"><span class=\"screen-reader-text\">\u201e2. Februar: Welttag der Feuchtgebiete\u201c <\/span>weiterlesen<\/a><\/p>\n","protected":false},"author":1,"featured_media":0,"comment_status":"closed","ping_status":"closed","sticky":false,"template":"","format":"standard","meta":{"_uag_custom_page_level_css":"","footnotes":""},"categories":[3],"tags":[],"class_list":["post-4963","post","type-post","status-publish","format-standard","hentry","category-aktivitaeten-nvs"],"uagb_featured_image_src":{"full":false,"thumbnail":false,"medium":false,"medium_large":false,"large":false,"1536x1536":false,"2048x2048":false,"twentyseventeen-featured-image":false,"twentyseventeen-thumbnail-avatar":false},"uagb_author_info":{"display_name":"admin","author_link":"https:\/\/www.lov.li\/?author=1"},"uagb_comment_info":0,"uagb_excerpt":"Einladung zum Onlinevortrag Welttag der Feuchtgebiete 2.2.2021, 17:00-18:00\u00a0 Uhr Online unter: https:\/\/tinyurl.com\/yxlekvkq Auch Liechtenstein kann mit dem Schutz und der F\u00f6rderung von intakten Feuchtgebieten wichtige Beitr\u00e4ge zur Biodiversit\u00e4t und Lebensqualit\u00e4t leisten. Indem wir den Alpenrhein abschnittweise aufweiten, helfen wir vielen wassergebundenen Tier- und Pflanzenarten. Auw\u00e4lder werden wieder lebendig und dynamisch. Der Wasserr\u00fcckhalt wird erh\u00f6ht und&hellip;","_links":{"self":[{"href":"https:\/\/www.lov.li\/index.php?rest_route=\/wp\/v2\/posts\/4963","targetHints":{"allow":["GET"]}}],"collection":[{"href":"https:\/\/www.lov.li\/index.php?rest_route=\/wp\/v2\/posts"}],"about":[{"href":"https:\/\/www.lov.li\/index.php?rest_route=\/wp\/v2\/types\/post"}],"author":[{"embeddable":true,"href":"https:\/\/www.lov.li\/index.php?rest_route=\/wp\/v2\/users\/1"}],"replies":[{"embeddable":true,"href":"https:\/\/www.lov.li\/index.php?rest_route=%2Fwp%2Fv2%2Fcomments&post=4963"}],"version-history":[{"count":6,"href":"https:\/\/www.lov.li\/index.php?rest_route=\/wp\/v2\/posts\/4963\/revisions"}],"predecessor-version":[{"id":4972,"href":"https:\/\/www.lov.li\/index.php?rest_route=\/wp\/v2\/posts\/4963\/revisions\/4972"}],"wp:attachment":[{"href":"https:\/\/www.lov.li\/index.php?rest_route=%2Fwp%2Fv2%2Fmedia&parent=4963"}],"wp:term":[{"taxonomy":"category","embeddable":true,"href":"https:\/\/www.lov.li\/index.php?rest_route=%2Fwp%2Fv2%2Fcategories&post=4963"},{"taxonomy":"post_tag","embeddable":true,"href":"https:\/\/www.lov.li\/index.php?rest_route=%2Fwp%2Fv2%2Ftags&post=4963"}],"curies":[{"name":"wp","href":"https:\/\/api.w.org\/{rel}","templated":true}]}}