{"id":4548,"date":"2020-04-20T12:51:47","date_gmt":"2020-04-20T11:51:47","guid":{"rendered":"https:\/\/www.lov.li\/?p=4548"},"modified":"2026-01-16T19:41:19","modified_gmt":"2026-01-16T18:41:19","slug":"so-locken-wir-voegel-in-unseren-garten","status":"publish","type":"post","link":"https:\/\/www.lov.li\/?p=4548","title":{"rendered":"So locken wir V\u00f6gel in unseren Garten"},"content":{"rendered":"<div class=\"wp-block-image\">\n<figure class=\"alignleft\"><a href=\"https:\/\/www.lov.li\/wp-content\/uploads\/Gr\u00fcnfink.jpg\"><img loading=\"lazy\" decoding=\"async\" width=\"200\" height=\"300\" src=\"https:\/\/www.lov.li\/wp-content\/uploads\/Gr\u00fcnfink-200x300.jpg\" alt=\"\" class=\"wp-image-4550\" srcset=\"https:\/\/www.lov.li\/wp-content\/uploads\/Gr\u00fcnfink-200x300.jpg 200w, https:\/\/www.lov.li\/wp-content\/uploads\/Gr\u00fcnfink.jpg 358w\" sizes=\"auto, (max-width: 200px) 100vw, 200px\" \/><\/a><\/figure>\n<\/div>\n\n\n<p>Als Freunde der freilebenden V\u00f6gel stellen wir uns oft die Frage, wie wir unseren Singv\u00f6geln helfen k\u00f6nnen. Prof. Peter Bertholt, ehemaliger Leiter des Max-Planck-Instituts f\u00fcr Ornithologie, r\u00e4t , die V\u00f6gel im Garten das ganze Jahr hindurch zu f\u00fcttern, da sie auch im Sommer in der freien Natur immer weniger Nahrung finden.<\/p>\n\n\n<div class=\"wp-block-image\">\n<figure class=\"alignleft\"><img loading=\"lazy\" decoding=\"async\" width=\"40\" height=\"40\" src=\"https:\/\/www.lov.li\/wp-content\/uploads\/2015\/07\/pdf-e1436773191838.png\" alt=\"\" class=\"wp-image-2770\"\/><\/figure>\n<\/div>\n\n\n<p> <a href=\"https:\/\/www.lov.li\/wp-content\/uploads\/So-locken-Sie-V\u00f6gel-in-Ihren-Garten.pdf\" target=\"_blank\" rel=\"noopener noreferrer\">So locken Sie V\u00f6gel in Ihren Garten<\/a><\/p>\n","protected":false},"excerpt":{"rendered":"<p>Als Freunde der freilebenden V\u00f6gel stellen wir uns oft die Frage, wie wir unseren Singv\u00f6geln helfen k\u00f6nnen. Prof. Peter Bertholt, ehemaliger Leiter des Max-Planck-Instituts f\u00fcr Ornithologie, r\u00e4t , die V\u00f6gel im Garten das ganze Jahr hindurch zu f\u00fcttern, da sie auch im Sommer in der freien Natur immer weniger Nahrung finden. So locken Sie V\u00f6gel &hellip; <\/p>\n<p class=\"link-more\"><a href=\"https:\/\/www.lov.li\/?p=4548\" class=\"more-link\"><span class=\"screen-reader-text\">\u201eSo locken wir V\u00f6gel in unseren Garten\u201c <\/span>weiterlesen<\/a><\/p>\n","protected":false},"author":1,"featured_media":0,"comment_status":"closed","ping_status":"closed","sticky":false,"template":"","format":"standard","meta":{"_uag_custom_page_level_css":"","footnotes":""},"categories":[4],"tags":[],"class_list":["post-4548","post","type-post","status-publish","format-standard","hentry","category-blick-in-die-vogelwelt"],"uagb_featured_image_src":{"full":false,"thumbnail":false,"medium":false,"medium_large":false,"large":false,"1536x1536":false,"2048x2048":false,"twentyseventeen-featured-image":false,"twentyseventeen-thumbnail-avatar":false},"uagb_author_info":{"display_name":"admin","author_link":"https:\/\/www.lov.li\/?author=1"},"uagb_comment_info":0,"uagb_excerpt":"Als Freunde der freilebenden V\u00f6gel stellen wir uns oft die Frage, wie wir unseren Singv\u00f6geln helfen k\u00f6nnen. Prof. Peter Bertholt, ehemaliger Leiter des Max-Planck-Instituts f\u00fcr Ornithologie, r\u00e4t , die V\u00f6gel im Garten das ganze Jahr hindurch zu f\u00fcttern, da sie auch im Sommer in der freien Natur immer weniger Nahrung finden. So locken Sie V\u00f6gel&hellip;","_links":{"self":[{"href":"https:\/\/www.lov.li\/index.php?rest_route=\/wp\/v2\/posts\/4548","targetHints":{"allow":["GET"]}}],"collection":[{"href":"https:\/\/www.lov.li\/index.php?rest_route=\/wp\/v2\/posts"}],"about":[{"href":"https:\/\/www.lov.li\/index.php?rest_route=\/wp\/v2\/types\/post"}],"author":[{"embeddable":true,"href":"https:\/\/www.lov.li\/index.php?rest_route=\/wp\/v2\/users\/1"}],"replies":[{"embeddable":true,"href":"https:\/\/www.lov.li\/index.php?rest_route=%2Fwp%2Fv2%2Fcomments&post=4548"}],"version-history":[{"count":4,"href":"https:\/\/www.lov.li\/index.php?rest_route=\/wp\/v2\/posts\/4548\/revisions"}],"predecessor-version":[{"id":6649,"href":"https:\/\/www.lov.li\/index.php?rest_route=\/wp\/v2\/posts\/4548\/revisions\/6649"}],"wp:attachment":[{"href":"https:\/\/www.lov.li\/index.php?rest_route=%2Fwp%2Fv2%2Fmedia&parent=4548"}],"wp:term":[{"taxonomy":"category","embeddable":true,"href":"https:\/\/www.lov.li\/index.php?rest_route=%2Fwp%2Fv2%2Fcategories&post=4548"},{"taxonomy":"post_tag","embeddable":true,"href":"https:\/\/www.lov.li\/index.php?rest_route=%2Fwp%2Fv2%2Ftags&post=4548"}],"curies":[{"name":"wp","href":"https:\/\/api.w.org\/{rel}","templated":true}]}}