{"id":4461,"date":"2020-01-22T15:13:40","date_gmt":"2020-01-22T14:13:40","guid":{"rendered":"https:\/\/www.lov.li\/?p=4461"},"modified":"2020-02-10T09:37:43","modified_gmt":"2020-02-10T08:37:43","slug":"ruggeller-riet-perspektiven-fuer-massnahmen-zur-revitalisierung","status":"publish","type":"post","link":"https:\/\/www.lov.li\/?p=4461","title":{"rendered":"Einladung ins Ruggeller Riet: Perspektiven f\u00fcr Massnahmen zur Revitalisierung"},"content":{"rendered":"<p><img loading=\"lazy\" decoding=\"async\" class=\"alignleft wp-image-4459\" src=\"https:\/\/www.lov.li\/wp-content\/uploads\/Teich-Ruggeller-Riet-300x200.jpg\" alt=\"\" width=\"330\" height=\"220\" srcset=\"https:\/\/www.lov.li\/wp-content\/uploads\/Teich-Ruggeller-Riet-300x200.jpg 300w, https:\/\/www.lov.li\/wp-content\/uploads\/Teich-Ruggeller-Riet-570x380.jpg 570w, https:\/\/www.lov.li\/wp-content\/uploads\/Teich-Ruggeller-Riet-768x512.jpg 768w, https:\/\/www.lov.li\/wp-content\/uploads\/Teich-Ruggeller-Riet.jpg 900w\" sizes=\"auto, (max-width: 330px) 100vw, 330px\" \/>Anl\u00e4sslich des Welttags der Feuchtgebiete 2020 und seinem Motto \u201eFeuchtgebiete und Biodiversit\u00e4t\u201c wollen wir vor Ort beleuchten, welchen Herausforderungen das Naturschutzgebiet Ruggeller Riet gegen\u00fcbersteht und wie man ihnen begegnen will.<\/p>\n<p><span style=\"color: #008000;\">Datum &amp; Treffpunkt:\u00a0 <\/span><br \/>\n<span style=\"color: #008000;\">Sonntag, 9. Februar 2020, 13:30 Uhr, Postautohaltestelle Ruggell Kirche<\/span><\/p>\n<p>Von dort aus werden wir mit m\u00f6glichst wenig Autos zum Naturschutzgebiet fahren<br \/>\nExkursionsleitung: Oliver M\u00fcller, Rudolf Staub und Georg Willi<br \/>\nDauer: ca. 1.5 Stunden<br \/>\nAusr\u00fcstung dem Wetter angepasste Kleidung<br \/>\n<!--more--><\/p>\n<p>Auf einem Spaziergang durch Teile des Naturschutzgebietes werden uns Oliver M\u00fcller vom Amt f\u00fcr Umwelt, Rudolf Staub von der RENAT AG und der Ornithologe Georg Willi f\u00fchren und bekannte Herausforderungen sowie m\u00f6gliche Perspektiven aus ihrer Sicht aufzeigen.<br \/>\nDer Weltfeuchtgebietstag geht auf die Unterzeichnung des sogenannten Ramsar-Abkommens am 2. Februar 1971 zur\u00fcck, des \u00e4ltesten internationalen Vertragswerks im Naturschutz. Es handelt sich dabei um ein \u00dcbereinkommen \u00fcber Feuchtgebiete internationaler Bedeutung, insbesondere als Lebensraum f\u00fcr Wasser- und Watv\u00f6gel. Das Naturschutzgebiet Ruggeller Riet geh\u00f6rt zu den nach der Ramsar Konvention gesch\u00fctzten Gebieten.<\/p>\n<p><img loading=\"lazy\" decoding=\"async\" class=\"alignleft size-full wp-image-2770\" src=\"https:\/\/www.lov.li\/wp-content\/uploads\/2015\/07\/pdf-e1436773191838.png\" alt=\"\" width=\"40\" height=\"40\" \/><a href=\"https:\/\/www.lov.li\/wp-content\/uploads\/E_2020_02-09_WWD_Ramsargebiet-Ruggeller-Riet.pdf\" target=\"_blank\" rel=\"noopener noreferrer\">Einladung 9.2.2020 Ramsargebiet-Ruggeller-Riet<\/a><\/p>\n","protected":false},"excerpt":{"rendered":"<p>Anl\u00e4sslich des Welttags der Feuchtgebiete 2020 und seinem Motto \u201eFeuchtgebiete und Biodiversit\u00e4t\u201c wollen wir vor Ort beleuchten, welchen Herausforderungen das Naturschutzgebiet Ruggeller Riet gegen\u00fcbersteht und wie man ihnen begegnen will. Datum &amp; Treffpunkt:\u00a0 Sonntag, 9. Februar 2020, 13:30 Uhr, Postautohaltestelle Ruggell Kirche Von dort aus werden wir mit m\u00f6glichst wenig Autos zum Naturschutzgebiet fahren Exkursionsleitung: &hellip; <\/p>\n<p class=\"link-more\"><a href=\"https:\/\/www.lov.li\/?p=4461\" class=\"more-link\"><span class=\"screen-reader-text\">\u201eEinladung ins Ruggeller Riet: Perspektiven f\u00fcr Massnahmen zur Revitalisierung\u201c <\/span>weiterlesen<\/a><\/p>\n","protected":false},"author":1,"featured_media":0,"comment_status":"closed","ping_status":"closed","sticky":false,"template":"","format":"standard","meta":{"_uag_custom_page_level_css":"","footnotes":""},"categories":[14],"tags":[],"class_list":["post-4461","post","type-post","status-publish","format-standard","hentry","category-archivierte-beitraege-nvs"],"uagb_featured_image_src":{"full":false,"thumbnail":false,"medium":false,"medium_large":false,"large":false,"1536x1536":false,"2048x2048":false,"twentyseventeen-featured-image":false,"twentyseventeen-thumbnail-avatar":false},"uagb_author_info":{"display_name":"admin","author_link":"https:\/\/www.lov.li\/?author=1"},"uagb_comment_info":0,"uagb_excerpt":"Anl\u00e4sslich des Welttags der Feuchtgebiete 2020 und seinem Motto \u201eFeuchtgebiete und Biodiversit\u00e4t\u201c wollen wir vor Ort beleuchten, welchen Herausforderungen das Naturschutzgebiet Ruggeller Riet gegen\u00fcbersteht und wie man ihnen begegnen will. Datum &amp; Treffpunkt:\u00a0 Sonntag, 9. Februar 2020, 13:30 Uhr, Postautohaltestelle Ruggell Kirche Von dort aus werden wir mit m\u00f6glichst wenig Autos zum Naturschutzgebiet fahren Exkursionsleitung:&hellip;","_links":{"self":[{"href":"https:\/\/www.lov.li\/index.php?rest_route=\/wp\/v2\/posts\/4461","targetHints":{"allow":["GET"]}}],"collection":[{"href":"https:\/\/www.lov.li\/index.php?rest_route=\/wp\/v2\/posts"}],"about":[{"href":"https:\/\/www.lov.li\/index.php?rest_route=\/wp\/v2\/types\/post"}],"author":[{"embeddable":true,"href":"https:\/\/www.lov.li\/index.php?rest_route=\/wp\/v2\/users\/1"}],"replies":[{"embeddable":true,"href":"https:\/\/www.lov.li\/index.php?rest_route=%2Fwp%2Fv2%2Fcomments&post=4461"}],"version-history":[{"count":11,"href":"https:\/\/www.lov.li\/index.php?rest_route=\/wp\/v2\/posts\/4461\/revisions"}],"predecessor-version":[{"id":4473,"href":"https:\/\/www.lov.li\/index.php?rest_route=\/wp\/v2\/posts\/4461\/revisions\/4473"}],"wp:attachment":[{"href":"https:\/\/www.lov.li\/index.php?rest_route=%2Fwp%2Fv2%2Fmedia&parent=4461"}],"wp:term":[{"taxonomy":"category","embeddable":true,"href":"https:\/\/www.lov.li\/index.php?rest_route=%2Fwp%2Fv2%2Fcategories&post=4461"},{"taxonomy":"post_tag","embeddable":true,"href":"https:\/\/www.lov.li\/index.php?rest_route=%2Fwp%2Fv2%2Ftags&post=4461"}],"curies":[{"name":"wp","href":"https:\/\/api.w.org\/{rel}","templated":true}]}}