{"id":4358,"date":"2019-07-10T15:31:07","date_gmt":"2019-07-10T14:31:07","guid":{"rendered":"https:\/\/www.lov.li\/?p=4358"},"modified":"2026-01-16T22:17:18","modified_gmt":"2026-01-16T21:17:18","slug":"9-naturcamp-in-mauren","status":"publish","type":"post","link":"https:\/\/www.lov.li\/?p=4358","title":{"rendered":"9. Naturcamp in Mauren"},"content":{"rendered":"\n<p>&nbsp;<\/p>\n\n\n<div class=\"wp-block-image\">\n<figure class=\"alignleft\"><a href=\"https:\/\/www.lov.li\/wp-content\/uploads\/Alle-72.jpg\"><img loading=\"lazy\" decoding=\"async\" width=\"570\" height=\"378\" src=\"https:\/\/www.lov.li\/wp-content\/uploads\/Alle-72-570x378.jpg\" alt=\"\" class=\"wp-image-4359\" srcset=\"https:\/\/www.lov.li\/wp-content\/uploads\/Alle-72-570x378.jpg 570w, https:\/\/www.lov.li\/wp-content\/uploads\/Alle-72-300x199.jpg 300w, https:\/\/www.lov.li\/wp-content\/uploads\/Alle-72-768x509.jpg 768w, https:\/\/www.lov.li\/wp-content\/uploads\/Alle-72.jpg 1238w\" sizes=\"auto, (max-width: 570px) 100vw, 570px\" \/><\/a><figcaption class=\"wp-element-caption\">Eine bunte, aufgestellte Schar Jugendlicher mit ihren Betreuerinnen und Betreuern<\/figcaption><\/figure>\n<\/div>\n\n\n<p>30 begeisterte Jugendliche im Alter von 7 \u201312 Jahren sowie 12 erwachsene Betreuer bilden das diesj\u00e4hrige Naturcamp im Vogelparadies in Mauren.<br>Unter der Leitung von Georg Willi ist in diesem Jahr bilden die &#8222;Eulen&#8220; den Themen-Schwerpunkt. Aber auch der Wald, als Lebensgrundlage wird als Sonderprojekt behandelt.<br><\/p>\n\n\n\n<!--more-->\n\n\n\n<p><br>In verschiedenen Gruppen wurde am ersten Tag gebastelt, gezeichnet und Wissen \u00fcber die Eulen vermittelt. Am zweiten Tag geht es dann in den Wald und zur Quellfassung des Wasserreservoirs, wo die Wichtigkeit des Walds f\u00fcr sauberes Trinkwasser erkl\u00e4rt wird. Am Freitag geht&#8217;s dann in den Greifvogelpark nach Buchs, wo lebende Eulen betrachtet werden k\u00f6nnen.<\/p>\n\n\n\n<p>Herzlichen Dank dem OV Mauren und allen Helferinnen und Helfern f\u00fcr ihren grossen Einsatz.<\/p>\n\n\n\n<p>Ein paar Eindr\u00fccke vom ersten Tag<\/p>\n\n\n\n<figure class=\"wp-block-gallery has-nested-images columns-2 is-cropped wp-block-gallery-1 is-layout-flex wp-block-gallery-is-layout-flex\">\n<figure class=\"wp-block-image size-large\"><a href=\"https:\/\/www.lov.li\/wp-content\/uploads\/GruppeGeorg-72.jpg\"><img loading=\"lazy\" decoding=\"async\" width=\"570\" height=\"377\" data-id=\"4360\" src=\"https:\/\/www.lov.li\/wp-content\/uploads\/GruppeGeorg-72-570x377.jpg\" alt=\"\" class=\"wp-image-4360\" srcset=\"https:\/\/www.lov.li\/wp-content\/uploads\/GruppeGeorg-72-570x377.jpg 570w, https:\/\/www.lov.li\/wp-content\/uploads\/GruppeGeorg-72-300x199.jpg 300w, https:\/\/www.lov.li\/wp-content\/uploads\/GruppeGeorg-72-768x508.jpg 768w, https:\/\/www.lov.li\/wp-content\/uploads\/GruppeGeorg-72.jpg 1068w\" sizes=\"auto, (max-width: 570px) 100vw, 570px\" \/><\/a><\/figure>\n\n\n\n<figure class=\"wp-block-image size-large\"><a href=\"https:\/\/www.lov.li\/wp-content\/uploads\/Richard-72dpi.jpg\"><img loading=\"lazy\" decoding=\"async\" width=\"570\" height=\"378\" data-id=\"4362\" src=\"https:\/\/www.lov.li\/wp-content\/uploads\/Richard-72dpi-570x378.jpg\" alt=\"\" class=\"wp-image-4362\" srcset=\"https:\/\/www.lov.li\/wp-content\/uploads\/Richard-72dpi-570x378.jpg 570w, https:\/\/www.lov.li\/wp-content\/uploads\/Richard-72dpi-300x199.jpg 300w, https:\/\/www.lov.li\/wp-content\/uploads\/Richard-72dpi-768x509.jpg 768w, https:\/\/www.lov.li\/wp-content\/uploads\/Richard-72dpi.jpg 931w\" sizes=\"auto, (max-width: 570px) 100vw, 570px\" \/><\/a><\/figure>\n\n\n\n<figure class=\"wp-block-image size-large\"><a href=\"https:\/\/www.lov.li\/wp-content\/uploads\/GruppePavillon-72.jpg\"><img loading=\"lazy\" decoding=\"async\" width=\"570\" height=\"378\" data-id=\"4361\" src=\"https:\/\/www.lov.li\/wp-content\/uploads\/GruppePavillon-72-570x378.jpg\" alt=\"\" class=\"wp-image-4361\" srcset=\"https:\/\/www.lov.li\/wp-content\/uploads\/GruppePavillon-72-570x378.jpg 570w, https:\/\/www.lov.li\/wp-content\/uploads\/GruppePavillon-72-300x199.jpg 300w, https:\/\/www.lov.li\/wp-content\/uploads\/GruppePavillon-72-768x509.jpg 768w, https:\/\/www.lov.li\/wp-content\/uploads\/GruppePavillon-72.jpg 1011w\" sizes=\"auto, (max-width: 570px) 100vw, 570px\" \/><\/a><\/figure>\n\n\n\n<figure class=\"wp-block-image size-large\"><a href=\"https:\/\/www.lov.li\/wp-content\/uploads\/Sonja-72dpi.jpg\"><img loading=\"lazy\" decoding=\"async\" width=\"570\" height=\"378\" data-id=\"4363\" src=\"https:\/\/www.lov.li\/wp-content\/uploads\/Sonja-72dpi-570x378.jpg\" alt=\"\" class=\"wp-image-4363\" srcset=\"https:\/\/www.lov.li\/wp-content\/uploads\/Sonja-72dpi-570x378.jpg 570w, https:\/\/www.lov.li\/wp-content\/uploads\/Sonja-72dpi-300x199.jpg 300w, https:\/\/www.lov.li\/wp-content\/uploads\/Sonja-72dpi-768x509.jpg 768w, https:\/\/www.lov.li\/wp-content\/uploads\/Sonja-72dpi.jpg 987w\" sizes=\"auto, (max-width: 570px) 100vw, 570px\" \/><\/a><\/figure>\n<\/figure>\n","protected":false},"excerpt":{"rendered":"<p>&nbsp; 30 begeisterte Jugendliche im Alter von 7 \u201312 Jahren sowie 12 erwachsene Betreuer bilden das diesj\u00e4hrige Naturcamp im Vogelparadies in Mauren.Unter der Leitung von Georg Willi ist in diesem Jahr bilden die &#8222;Eulen&#8220; den Themen-Schwerpunkt. Aber auch der Wald, als Lebensgrundlage wird als Sonderprojekt behandelt.<\/p>\n","protected":false},"author":1,"featured_media":0,"comment_status":"closed","ping_status":"closed","sticky":false,"template":"","format":"standard","meta":{"_uag_custom_page_level_css":"","footnotes":""},"categories":[3],"tags":[],"class_list":["post-4358","post","type-post","status-publish","format-standard","hentry","category-aktivitaeten-nvs"],"uagb_featured_image_src":{"full":false,"thumbnail":false,"medium":false,"medium_large":false,"large":false,"1536x1536":false,"2048x2048":false,"twentyseventeen-featured-image":false,"twentyseventeen-thumbnail-avatar":false},"uagb_author_info":{"display_name":"admin","author_link":"https:\/\/www.lov.li\/?author=1"},"uagb_comment_info":0,"uagb_excerpt":"&nbsp; 30 begeisterte Jugendliche im Alter von 7 \u201312 Jahren sowie 12 erwachsene Betreuer bilden das diesj\u00e4hrige Naturcamp im Vogelparadies in Mauren.Unter der Leitung von Georg Willi ist in diesem Jahr bilden die &#8222;Eulen&#8220; den Themen-Schwerpunkt. Aber auch der Wald, als Lebensgrundlage wird als Sonderprojekt behandelt.","_links":{"self":[{"href":"https:\/\/www.lov.li\/index.php?rest_route=\/wp\/v2\/posts\/4358","targetHints":{"allow":["GET"]}}],"collection":[{"href":"https:\/\/www.lov.li\/index.php?rest_route=\/wp\/v2\/posts"}],"about":[{"href":"https:\/\/www.lov.li\/index.php?rest_route=\/wp\/v2\/types\/post"}],"author":[{"embeddable":true,"href":"https:\/\/www.lov.li\/index.php?rest_route=\/wp\/v2\/users\/1"}],"replies":[{"embeddable":true,"href":"https:\/\/www.lov.li\/index.php?rest_route=%2Fwp%2Fv2%2Fcomments&post=4358"}],"version-history":[{"count":6,"href":"https:\/\/www.lov.li\/index.php?rest_route=\/wp\/v2\/posts\/4358\/revisions"}],"predecessor-version":[{"id":6724,"href":"https:\/\/www.lov.li\/index.php?rest_route=\/wp\/v2\/posts\/4358\/revisions\/6724"}],"wp:attachment":[{"href":"https:\/\/www.lov.li\/index.php?rest_route=%2Fwp%2Fv2%2Fmedia&parent=4358"}],"wp:term":[{"taxonomy":"category","embeddable":true,"href":"https:\/\/www.lov.li\/index.php?rest_route=%2Fwp%2Fv2%2Fcategories&post=4358"},{"taxonomy":"post_tag","embeddable":true,"href":"https:\/\/www.lov.li\/index.php?rest_route=%2Fwp%2Fv2%2Ftags&post=4358"}],"curies":[{"name":"wp","href":"https:\/\/api.w.org\/{rel}","templated":true}]}}