{"id":4286,"date":"2019-04-26T21:00:04","date_gmt":"2019-04-26T20:00:04","guid":{"rendered":"http:\/\/www.lov.li\/?p=4286"},"modified":"2026-01-15T15:36:05","modified_gmt":"2026-01-15T14:36:05","slug":"neue-homepage-fuer-den-ov-unterland","status":"publish","type":"post","link":"https:\/\/www.lov.li\/?p=4286","title":{"rendered":"Neue Homepage f\u00fcr den OV Unterland"},"content":{"rendered":"\n<figure class=\"wp-block-table\"><table class=\"has-fixed-layout\"><tbody><tr><td><figure><img loading=\"lazy\" decoding=\"async\" class=\"alignleft size-full wp-image-4287\" src=\"http:\/\/www.lov.li\/wp-content\/uploads\/Logo-60x61.jpg\" alt=\"\" width=\"60\" height=\"61\"><\/figure>\n<p>&nbsp;<\/p>\n<p>&nbsp;<\/p>\n<p><a href=\"http:\/\/www.ovlu.li\" target=\"_blank\" rel=\"noopener noreferrer\">www.ovlu.li<\/a><\/p>\n<\/td><td><span style=\"display: inline !important; float: none; background-color: transparent; color: #333333; font-family: Georgia,'Times New Roman','Bitstream Charter',Times,serif; font-size: 16px; font-style: normal; font-variant: normal; font-weight: 400; letter-spacing: normal; line-height: 24px; orphans: 2; text-align: left; text-decoration: none; text-indent: 0px; text-transform: none; -webkit-text-stroke-width: 0px; white-space: normal; word-spacing: 0px; word-wrap: break-word;\">Wir freuen, dass der OVLU (OV Liechtenstein Unterland) wieder eine eigene Homepage hat. Sie wurde anl\u00e4sslich der Generalversammlung vom 26. April 2019 freigeschaltet. Nebst der Vorstellung des Vereins werden in den Beitr\u00e4gen Vereinsaktivit\u00e4ten und Aktuelles aus der Ornithologie behandelt. Zudem gibt es einen direkten Link zur ausserordentlichen Fotosammlung von Xaver Roser.<\/span><br style=\"background-color: transparent; color: #333333; font-family: Georgia,&amp;quot; times new roman&amp;quot;,&amp;quot;bitstream charter&amp;quot;,times,serif; font-size: 16px; font-style: normal; font-variant: normal; font-weight: 400; letter-spacing: normal; line-height: 24px; max-width: none; min-height: 0px; orphans: 2; overflow: visible; text-align: left; text-decoration: none; text-indent: 0px; text-transform: none; -webkit-text-stroke-width: 0px; white-space: normal; word-spacing: 0px; word-wrap: break-word; padding: 0px; margin: 0px;\"><span style=\"display: inline !important; float: none; background-color: transparent; color: #333333; font-family: Georgia,'Times New Roman','Bitstream Charter',Times,serif; font-size: 16px; font-style: normal; font-variant: normal; font-weight: 400; letter-spacing: normal; line-height: 24px; orphans: 2; text-align: left; text-decoration: none; text-indent: 0px; text-transform: none; -webkit-text-stroke-width: 0px; white-space: normal; word-spacing: 0px; word-wrap: break-word;\">Herzlichen Gl\u00fcckwunsch an die Pr\u00e4sidentin Fabienne Hasler, welche, zusammen mit Xaver Roser, f\u00fcr diese Homepage zust\u00e4ndig ist.<\/span><b><\/b><i><\/i><u><\/u><\/td><\/tr><\/tbody><\/table><\/figure>\n\n\n\n<p>&nbsp;<\/p>\n\n\n\n<p>&nbsp;<\/p>\n","protected":false},"excerpt":{"rendered":"<p>&nbsp; &nbsp; www.ovlu.li Wir freuen, dass der OVLU (OV Liechtenstein Unterland) wieder eine eigene Homepage hat. Sie wurde anl\u00e4sslich der Generalversammlung vom 26. April 2019 freigeschaltet. Nebst der Vorstellung des Vereins werden in den Beitr\u00e4gen Vereinsaktivit\u00e4ten und Aktuelles aus der Ornithologie behandelt. Zudem gibt es einen direkten Link zur ausserordentlichen Fotosammlung von Xaver Roser.Herzlichen Gl\u00fcckwunsch &hellip; <\/p>\n<p class=\"link-more\"><a href=\"https:\/\/www.lov.li\/?p=4286\" class=\"more-link\"><span class=\"screen-reader-text\">\u201eNeue Homepage f\u00fcr den OV Unterland\u201c <\/span>weiterlesen<\/a><\/p>\n","protected":false},"author":1,"featured_media":0,"comment_status":"closed","ping_status":"closed","sticky":false,"template":"","format":"standard","meta":{"_uag_custom_page_level_css":"","footnotes":""},"categories":[3],"tags":[],"class_list":["post-4286","post","type-post","status-publish","format-standard","hentry","category-aktivitaeten-nvs"],"uagb_featured_image_src":{"full":false,"thumbnail":false,"medium":false,"medium_large":false,"large":false,"1536x1536":false,"2048x2048":false,"twentyseventeen-featured-image":false,"twentyseventeen-thumbnail-avatar":false},"uagb_author_info":{"display_name":"admin","author_link":"https:\/\/www.lov.li\/?author=1"},"uagb_comment_info":0,"uagb_excerpt":"&nbsp; &nbsp; www.ovlu.li Wir freuen, dass der OVLU (OV Liechtenstein Unterland) wieder eine eigene Homepage hat. Sie wurde anl\u00e4sslich der Generalversammlung vom 26. April 2019 freigeschaltet. Nebst der Vorstellung des Vereins werden in den Beitr\u00e4gen Vereinsaktivit\u00e4ten und Aktuelles aus der Ornithologie behandelt. Zudem gibt es einen direkten Link zur ausserordentlichen Fotosammlung von Xaver Roser.Herzlichen Gl\u00fcckwunsch&hellip;","_links":{"self":[{"href":"https:\/\/www.lov.li\/index.php?rest_route=\/wp\/v2\/posts\/4286","targetHints":{"allow":["GET"]}}],"collection":[{"href":"https:\/\/www.lov.li\/index.php?rest_route=\/wp\/v2\/posts"}],"about":[{"href":"https:\/\/www.lov.li\/index.php?rest_route=\/wp\/v2\/types\/post"}],"author":[{"embeddable":true,"href":"https:\/\/www.lov.li\/index.php?rest_route=\/wp\/v2\/users\/1"}],"replies":[{"embeddable":true,"href":"https:\/\/www.lov.li\/index.php?rest_route=%2Fwp%2Fv2%2Fcomments&post=4286"}],"version-history":[{"count":8,"href":"https:\/\/www.lov.li\/index.php?rest_route=\/wp\/v2\/posts\/4286\/revisions"}],"predecessor-version":[{"id":6524,"href":"https:\/\/www.lov.li\/index.php?rest_route=\/wp\/v2\/posts\/4286\/revisions\/6524"}],"wp:attachment":[{"href":"https:\/\/www.lov.li\/index.php?rest_route=%2Fwp%2Fv2%2Fmedia&parent=4286"}],"wp:term":[{"taxonomy":"category","embeddable":true,"href":"https:\/\/www.lov.li\/index.php?rest_route=%2Fwp%2Fv2%2Fcategories&post=4286"},{"taxonomy":"post_tag","embeddable":true,"href":"https:\/\/www.lov.li\/index.php?rest_route=%2Fwp%2Fv2%2Ftags&post=4286"}],"curies":[{"name":"wp","href":"https:\/\/api.w.org\/{rel}","templated":true}]}}