{"id":4280,"date":"2019-04-24T15:22:01","date_gmt":"2019-04-24T14:22:01","guid":{"rendered":"http:\/\/www.lov.li\/?p=4280"},"modified":"2026-01-15T15:35:50","modified_gmt":"2026-01-15T14:35:50","slug":"die-bedeutung-des-natur-und-vogelschutzes-fuer-liechtenstein","status":"publish","type":"post","link":"https:\/\/www.lov.li\/?p=4280","title":{"rendered":"Die Bedeutung des Natur- und Vogelschutzes f\u00fcr Liechtenstein"},"content":{"rendered":"\n<p>In der April-Ausgabe des Liechtensteiner Senioren-Magazins &#8222;60Plus&#8220; ist ein Gastbeitrag des LOV-Pr\u00e4sidenten Benno B\u00fcchel zu diesem Thema ver\u00f6ffentlicht worden.<\/p>\n\n\n<div class=\"wp-block-image\">\n<figure class=\"alignleft\"><img loading=\"lazy\" decoding=\"async\" width=\"40\" height=\"40\" src=\"http:\/\/www.lov.li\/wp-content\/uploads\/2015\/07\/pdf-e1436773191838.png\" alt=\"\" class=\"wp-image-2770\"\/><\/figure>\n<\/div>\n\n\n<p><a href=\"http:\/\/www.lov.li\/wp-content\/uploads\/60plus_April19_Vogelschutz-red.pdf\" target=\"_blank\" rel=\"noopener noreferrer\">Auszug aus 60Plus-Ausgabe April 2019<\/a><\/p>\n","protected":false},"excerpt":{"rendered":"<p>In der April-Ausgabe des Liechtensteiner Senioren-Magazins &#8222;60Plus&#8220; ist ein Gastbeitrag des LOV-Pr\u00e4sidenten Benno B\u00fcchel zu diesem Thema ver\u00f6ffentlicht worden. Auszug aus 60Plus-Ausgabe April 2019<\/p>\n","protected":false},"author":1,"featured_media":0,"comment_status":"closed","ping_status":"closed","sticky":false,"template":"","format":"standard","meta":{"_uag_custom_page_level_css":"","footnotes":""},"categories":[3],"tags":[],"class_list":["post-4280","post","type-post","status-publish","format-standard","hentry","category-aktivitaeten-nvs"],"uagb_featured_image_src":{"full":false,"thumbnail":false,"medium":false,"medium_large":false,"large":false,"1536x1536":false,"2048x2048":false,"twentyseventeen-featured-image":false,"twentyseventeen-thumbnail-avatar":false},"uagb_author_info":{"display_name":"admin","author_link":"https:\/\/www.lov.li\/?author=1"},"uagb_comment_info":0,"uagb_excerpt":"In der April-Ausgabe des Liechtensteiner Senioren-Magazins &#8222;60Plus&#8220; ist ein Gastbeitrag des LOV-Pr\u00e4sidenten Benno B\u00fcchel zu diesem Thema ver\u00f6ffentlicht worden. Auszug aus 60Plus-Ausgabe April 2019","_links":{"self":[{"href":"https:\/\/www.lov.li\/index.php?rest_route=\/wp\/v2\/posts\/4280","targetHints":{"allow":["GET"]}}],"collection":[{"href":"https:\/\/www.lov.li\/index.php?rest_route=\/wp\/v2\/posts"}],"about":[{"href":"https:\/\/www.lov.li\/index.php?rest_route=\/wp\/v2\/types\/post"}],"author":[{"embeddable":true,"href":"https:\/\/www.lov.li\/index.php?rest_route=\/wp\/v2\/users\/1"}],"replies":[{"embeddable":true,"href":"https:\/\/www.lov.li\/index.php?rest_route=%2Fwp%2Fv2%2Fcomments&post=4280"}],"version-history":[{"count":3,"href":"https:\/\/www.lov.li\/index.php?rest_route=\/wp\/v2\/posts\/4280\/revisions"}],"predecessor-version":[{"id":6523,"href":"https:\/\/www.lov.li\/index.php?rest_route=\/wp\/v2\/posts\/4280\/revisions\/6523"}],"wp:attachment":[{"href":"https:\/\/www.lov.li\/index.php?rest_route=%2Fwp%2Fv2%2Fmedia&parent=4280"}],"wp:term":[{"taxonomy":"category","embeddable":true,"href":"https:\/\/www.lov.li\/index.php?rest_route=%2Fwp%2Fv2%2Fcategories&post=4280"},{"taxonomy":"post_tag","embeddable":true,"href":"https:\/\/www.lov.li\/index.php?rest_route=%2Fwp%2Fv2%2Ftags&post=4280"}],"curies":[{"name":"wp","href":"https:\/\/api.w.org\/{rel}","templated":true}]}}