{"id":4001,"date":"2018-07-16T16:24:01","date_gmt":"2018-07-16T15:24:01","guid":{"rendered":"http:\/\/www.lov.li\/?p=4001"},"modified":"2026-01-15T15:45:44","modified_gmt":"2026-01-15T14:45:44","slug":"erlebnisreiches-8-natur-camp","status":"publish","type":"post","link":"https:\/\/www.lov.li\/?p=4001","title":{"rendered":"Erlebnisreiches 8. Natur-Camp"},"content":{"rendered":"\n<p>31 Kinder erlebten vom 11. bis 13. Juli ein abwechslungsreiches und interessantes Natur-Camp im Vogelparadies Birka in Mauren. Auf dem Programm standen Themen wie das Hermelin und seine Verwandten als Tier des Jahres oder der Wanderfalke als Vogel des Jahres. Dazu wurden entsprechende Objekte gebastelt wie ein Wanderfalke als Untersetzer (siehe die Teilnehmerschar mit diesem Sujet). F\u00fcr das Camp waren insgesamt 18 Personen in irgend einer Funktion involviert. Ohne sie w\u00e4re das vom LOV unterst\u00fctzte Camp nicht zustande gekommen, allen einen herzlichen Dank! Der Lohn waren begeisterte und zufriedene Kinder!<\/p>\n\n\n<div class=\"wp-block-image\">\n<figure class=\"alignleft\"><img loading=\"lazy\" decoding=\"async\" width=\"570\" height=\"428\" src=\"http:\/\/www.lov.li\/wp-content\/uploads\/SCN0588-570x428.jpg\" alt=\"\" class=\"wp-image-4002\" srcset=\"https:\/\/www.lov.li\/wp-content\/uploads\/SCN0588-570x428.jpg 570w, https:\/\/www.lov.li\/wp-content\/uploads\/SCN0588-300x225.jpg 300w, https:\/\/www.lov.li\/wp-content\/uploads\/SCN0588-768x576.jpg 768w\" sizes=\"auto, (max-width: 570px) 100vw, 570px\" \/><\/figure>\n<\/div>\n\n\n<p><\/p>\n","protected":false},"excerpt":{"rendered":"<p>31 Kinder erlebten vom 11. bis 13. Juli ein abwechslungsreiches und interessantes Natur-Camp im Vogelparadies Birka in Mauren. Auf dem Programm standen Themen wie das Hermelin und seine Verwandten als Tier des Jahres oder der Wanderfalke als Vogel des Jahres. Dazu wurden entsprechende Objekte gebastelt wie ein Wanderfalke als Untersetzer (siehe die Teilnehmerschar mit diesem &hellip; <\/p>\n<p class=\"link-more\"><a href=\"https:\/\/www.lov.li\/?p=4001\" class=\"more-link\"><span class=\"screen-reader-text\">\u201eErlebnisreiches 8. Natur-Camp\u201c <\/span>weiterlesen<\/a><\/p>\n","protected":false},"author":1,"featured_media":0,"comment_status":"closed","ping_status":"closed","sticky":false,"template":"","format":"standard","meta":{"_uag_custom_page_level_css":"","footnotes":""},"categories":[14],"tags":[],"class_list":["post-4001","post","type-post","status-publish","format-standard","hentry","category-archivierte-beitraege-nvs"],"uagb_featured_image_src":{"full":false,"thumbnail":false,"medium":false,"medium_large":false,"large":false,"1536x1536":false,"2048x2048":false,"twentyseventeen-featured-image":false,"twentyseventeen-thumbnail-avatar":false},"uagb_author_info":{"display_name":"admin","author_link":"https:\/\/www.lov.li\/?author=1"},"uagb_comment_info":0,"uagb_excerpt":"31 Kinder erlebten vom 11. bis 13. Juli ein abwechslungsreiches und interessantes Natur-Camp im Vogelparadies Birka in Mauren. Auf dem Programm standen Themen wie das Hermelin und seine Verwandten als Tier des Jahres oder der Wanderfalke als Vogel des Jahres. Dazu wurden entsprechende Objekte gebastelt wie ein Wanderfalke als Untersetzer (siehe die Teilnehmerschar mit diesem&hellip;","_links":{"self":[{"href":"https:\/\/www.lov.li\/index.php?rest_route=\/wp\/v2\/posts\/4001","targetHints":{"allow":["GET"]}}],"collection":[{"href":"https:\/\/www.lov.li\/index.php?rest_route=\/wp\/v2\/posts"}],"about":[{"href":"https:\/\/www.lov.li\/index.php?rest_route=\/wp\/v2\/types\/post"}],"author":[{"embeddable":true,"href":"https:\/\/www.lov.li\/index.php?rest_route=\/wp\/v2\/users\/1"}],"replies":[{"embeddable":true,"href":"https:\/\/www.lov.li\/index.php?rest_route=%2Fwp%2Fv2%2Fcomments&post=4001"}],"version-history":[{"count":2,"href":"https:\/\/www.lov.li\/index.php?rest_route=\/wp\/v2\/posts\/4001\/revisions"}],"predecessor-version":[{"id":6533,"href":"https:\/\/www.lov.li\/index.php?rest_route=\/wp\/v2\/posts\/4001\/revisions\/6533"}],"wp:attachment":[{"href":"https:\/\/www.lov.li\/index.php?rest_route=%2Fwp%2Fv2%2Fmedia&parent=4001"}],"wp:term":[{"taxonomy":"category","embeddable":true,"href":"https:\/\/www.lov.li\/index.php?rest_route=%2Fwp%2Fv2%2Fcategories&post=4001"},{"taxonomy":"post_tag","embeddable":true,"href":"https:\/\/www.lov.li\/index.php?rest_route=%2Fwp%2Fv2%2Ftags&post=4001"}],"curies":[{"name":"wp","href":"https:\/\/api.w.org\/{rel}","templated":true}]}}