{"id":3963,"date":"2018-05-16T21:21:40","date_gmt":"2018-05-16T20:21:40","guid":{"rendered":"http:\/\/www.lov.li\/?p=3963"},"modified":"2026-01-15T15:45:09","modified_gmt":"2026-01-15T14:45:09","slug":"bergvoegel-im-steg-ornith-landesexkursion-am-2-6-2018","status":"publish","type":"post","link":"https:\/\/www.lov.li\/?p=3963","title":{"rendered":"Bergv\u00f6gel im Steg &#8211; Ornith. Landesexkursion am 2.6.2018"},"content":{"rendered":"\n<p>&nbsp;<\/p>\n\n\n<div class=\"wp-block-image size-medium wp-image-3964\">\n<figure class=\"alignleft\"><img loading=\"lazy\" decoding=\"async\" width=\"200\" height=\"300\" src=\"http:\/\/www.lov.li\/wp-content\/uploads\/Bergfink-72dpi-200x300.jpg\" alt=\"\" class=\"wp-image-3964\" srcset=\"https:\/\/www.lov.li\/wp-content\/uploads\/Bergfink-72dpi-200x300.jpg 200w, https:\/\/www.lov.li\/wp-content\/uploads\/Bergfink-72dpi.jpg 288w\" sizes=\"auto, (max-width: 200px) 100vw, 200px\" \/><figcaption class=\"wp-element-caption\">Ein wundersch\u00f6ner Vogel, der Bergfink<\/figcaption><\/figure>\n<\/div>\n\n\n<h2 class=\"wp-block-heading\"><span style=\"font-size: 18pt;\"><span style=\"color: #008000;\">Einladung<\/span><\/span><\/h2>\n\n\n\n<p>an alle Mitglieder und Interessierten zur Landesexkursion vom 2. Juni 2018 im.<br><strong>Treffpunkt<\/strong>: 06.00 Uhr beim Parkplatz G\u00e4nglesee Steg<br><strong>Dauer<\/strong>: ca. 3 Stunden, anschliessend gemeinsames Fr\u00fchst\u00fcck.<br>Die Exkursion wird vom OV Schaan organisiert<br><strong>Kontakt<\/strong>: G\u00fcnther Batliner, Schaan, Mobile:_ +423 780 19 47<\/p>\n\n\n<div class=\"wp-block-image\">\n<figure class=\"alignleft\"><img loading=\"lazy\" decoding=\"async\" width=\"40\" height=\"40\" src=\"http:\/\/www.lov.li\/wp-content\/uploads\/2015\/07\/pdf-e1436773191838.png\" alt=\"\" class=\"wp-image-2770\"\/><\/figure>\n<\/div>\n\n\n<p><a href=\"http:\/\/www.lov.li\/wp-content\/uploads\/FlyerLandesexkursion2018-1.pdf\" target=\"_blank\" rel=\"noopener\">FlyerLandesexkursion2018<\/a><\/p>\n","protected":false},"excerpt":{"rendered":"<p>&nbsp; Einladung an alle Mitglieder und Interessierten zur Landesexkursion vom 2. Juni 2018 im.Treffpunkt: 06.00 Uhr beim Parkplatz G\u00e4nglesee StegDauer: ca. 3 Stunden, anschliessend gemeinsames Fr\u00fchst\u00fcck.Die Exkursion wird vom OV Schaan organisiertKontakt: G\u00fcnther Batliner, Schaan, Mobile:_ +423 780 19 47 FlyerLandesexkursion2018<\/p>\n","protected":false},"author":1,"featured_media":0,"comment_status":"closed","ping_status":"closed","sticky":false,"template":"","format":"standard","meta":{"_uag_custom_page_level_css":"","footnotes":""},"categories":[14],"tags":[],"class_list":["post-3963","post","type-post","status-publish","format-standard","hentry","category-archivierte-beitraege-nvs"],"uagb_featured_image_src":{"full":false,"thumbnail":false,"medium":false,"medium_large":false,"large":false,"1536x1536":false,"2048x2048":false,"twentyseventeen-featured-image":false,"twentyseventeen-thumbnail-avatar":false},"uagb_author_info":{"display_name":"admin","author_link":"https:\/\/www.lov.li\/?author=1"},"uagb_comment_info":0,"uagb_excerpt":"&nbsp; Einladung an alle Mitglieder und Interessierten zur Landesexkursion vom 2. Juni 2018 im.Treffpunkt: 06.00 Uhr beim Parkplatz G\u00e4nglesee StegDauer: ca. 3 Stunden, anschliessend gemeinsames Fr\u00fchst\u00fcck.Die Exkursion wird vom OV Schaan organisiertKontakt: G\u00fcnther Batliner, Schaan, Mobile:_ +423 780 19 47 FlyerLandesexkursion2018","_links":{"self":[{"href":"https:\/\/www.lov.li\/index.php?rest_route=\/wp\/v2\/posts\/3963","targetHints":{"allow":["GET"]}}],"collection":[{"href":"https:\/\/www.lov.li\/index.php?rest_route=\/wp\/v2\/posts"}],"about":[{"href":"https:\/\/www.lov.li\/index.php?rest_route=\/wp\/v2\/types\/post"}],"author":[{"embeddable":true,"href":"https:\/\/www.lov.li\/index.php?rest_route=\/wp\/v2\/users\/1"}],"replies":[{"embeddable":true,"href":"https:\/\/www.lov.li\/index.php?rest_route=%2Fwp%2Fv2%2Fcomments&post=3963"}],"version-history":[{"count":17,"href":"https:\/\/www.lov.li\/index.php?rest_route=\/wp\/v2\/posts\/3963\/revisions"}],"predecessor-version":[{"id":6531,"href":"https:\/\/www.lov.li\/index.php?rest_route=\/wp\/v2\/posts\/3963\/revisions\/6531"}],"wp:attachment":[{"href":"https:\/\/www.lov.li\/index.php?rest_route=%2Fwp%2Fv2%2Fmedia&parent=3963"}],"wp:term":[{"taxonomy":"category","embeddable":true,"href":"https:\/\/www.lov.li\/index.php?rest_route=%2Fwp%2Fv2%2Fcategories&post=3963"},{"taxonomy":"post_tag","embeddable":true,"href":"https:\/\/www.lov.li\/index.php?rest_route=%2Fwp%2Fv2%2Ftags&post=3963"}],"curies":[{"name":"wp","href":"https:\/\/api.w.org\/{rel}","templated":true}]}}