{"id":3882,"date":"2018-02-07T14:03:41","date_gmt":"2018-02-07T13:03:41","guid":{"rendered":"http:\/\/www.lov.li\/?p=3882"},"modified":"2026-01-15T15:43:21","modified_gmt":"2026-01-15T14:43:21","slug":"der-wiedehopf-kehrt-zurueck","status":"publish","type":"post","link":"https:\/\/www.lov.li\/?p=3882","title":{"rendered":"Der Wiedehopf kehrt zur\u00fcck &#8230;"},"content":{"rendered":"<div class=\"wp-block-image\">\n<figure class=\"alignleft\"><img loading=\"lazy\" decoding=\"async\" width=\"199\" height=\"300\" src=\"http:\/\/www.lov.li\/wp-content\/uploads\/2018\/02\/Wiedehopf-Balzers-199x300.jpg\" alt=\"\" class=\"wp-image-3883\" srcset=\"https:\/\/www.lov.li\/wp-content\/uploads\/2018\/02\/Wiedehopf-Balzers-199x300.jpg 199w, https:\/\/www.lov.li\/wp-content\/uploads\/2018\/02\/Wiedehopf-Balzers.jpg 283w\" sizes=\"auto, (max-width: 199px) 100vw, 199px\" \/><\/figure>\n<\/div>\n\n\n<p>Wir alle freuten uns in den letzten Jahren, dass wir den Wiedehopf wieder bei uns begr\u00fcssen durften. Doch leider findet aber dieser sch\u00f6ne Vogel zu wenig nat\u00fcrlichen Lebensraum vor &#8211; er ist auf unsere Hilfe angewiesen. Eine preisgekr\u00f6nte ORF-DOK-Sendung befasste sich mit der R\u00fcckkehr des Wiedehopfs, und anerkennt damit auch die Bem\u00fchungen vieler engagierter Natur- und Vogelsch\u00fctzer, die sich f\u00fcr die R\u00fcckkehr des Wiedehopfs einsetzen.<br>M\u00f6ge dieser Film auch uns Ansporn sein, bei unseren Bem\u00fchungen f\u00fcr naturnahe Lebensr\u00e4ume f\u00fcr unsere Vogelwelt nicht locker zu lassen!<\/p>\n\n\n<div class=\"wp-block-image\">\n<figure class=\"alignleft\"><img loading=\"lazy\" decoding=\"async\" width=\"50\" height=\"50\" src=\"http:\/\/www.lov.li\/wp-content\/uploads\/2018\/02\/Youtube-Video-Zeichen-e1517921327371.jpg\" alt=\"\" class=\"wp-image-3878\"\/><\/figure>\n<\/div>\n\n\n<p><br><a href=\"https:\/\/www.youtube.com\/watch?v=i6kxnVZVFxo\" target=\"_blank\" rel=\"noopener noreferrer\">&#8222;Der Wiedehopf kehrt zur\u00fcck&#8220;<\/a><\/p>\n\n\n\n<p>&nbsp;<\/p>\n","protected":false},"excerpt":{"rendered":"<p>Wir alle freuten uns in den letzten Jahren, dass wir den Wiedehopf wieder bei uns begr\u00fcssen durften. Doch leider findet aber dieser sch\u00f6ne Vogel zu wenig nat\u00fcrlichen Lebensraum vor &#8211; er ist auf unsere Hilfe angewiesen. Eine preisgekr\u00f6nte ORF-DOK-Sendung befasste sich mit der R\u00fcckkehr des Wiedehopfs, und anerkennt damit auch die Bem\u00fchungen vieler engagierter Natur- &hellip; <\/p>\n<p class=\"link-more\"><a href=\"https:\/\/www.lov.li\/?p=3882\" class=\"more-link\"><span class=\"screen-reader-text\">\u201eDer Wiedehopf kehrt zur\u00fcck &#8230;\u201c <\/span>weiterlesen<\/a><\/p>\n","protected":false},"author":1,"featured_media":0,"comment_status":"closed","ping_status":"open","sticky":false,"template":"","format":"standard","meta":{"_uag_custom_page_level_css":"","footnotes":""},"categories":[14],"tags":[],"class_list":["post-3882","post","type-post","status-publish","format-standard","hentry","category-archivierte-beitraege-nvs"],"uagb_featured_image_src":{"full":false,"thumbnail":false,"medium":false,"medium_large":false,"large":false,"1536x1536":false,"2048x2048":false,"twentyseventeen-featured-image":false,"twentyseventeen-thumbnail-avatar":false},"uagb_author_info":{"display_name":"admin","author_link":"https:\/\/www.lov.li\/?author=1"},"uagb_comment_info":0,"uagb_excerpt":"Wir alle freuten uns in den letzten Jahren, dass wir den Wiedehopf wieder bei uns begr\u00fcssen durften. Doch leider findet aber dieser sch\u00f6ne Vogel zu wenig nat\u00fcrlichen Lebensraum vor &#8211; er ist auf unsere Hilfe angewiesen. Eine preisgekr\u00f6nte ORF-DOK-Sendung befasste sich mit der R\u00fcckkehr des Wiedehopfs, und anerkennt damit auch die Bem\u00fchungen vieler engagierter Natur-&hellip;","_links":{"self":[{"href":"https:\/\/www.lov.li\/index.php?rest_route=\/wp\/v2\/posts\/3882","targetHints":{"allow":["GET"]}}],"collection":[{"href":"https:\/\/www.lov.li\/index.php?rest_route=\/wp\/v2\/posts"}],"about":[{"href":"https:\/\/www.lov.li\/index.php?rest_route=\/wp\/v2\/types\/post"}],"author":[{"embeddable":true,"href":"https:\/\/www.lov.li\/index.php?rest_route=\/wp\/v2\/users\/1"}],"replies":[{"embeddable":true,"href":"https:\/\/www.lov.li\/index.php?rest_route=%2Fwp%2Fv2%2Fcomments&post=3882"}],"version-history":[{"count":7,"href":"https:\/\/www.lov.li\/index.php?rest_route=\/wp\/v2\/posts\/3882\/revisions"}],"predecessor-version":[{"id":6527,"href":"https:\/\/www.lov.li\/index.php?rest_route=\/wp\/v2\/posts\/3882\/revisions\/6527"}],"wp:attachment":[{"href":"https:\/\/www.lov.li\/index.php?rest_route=%2Fwp%2Fv2%2Fmedia&parent=3882"}],"wp:term":[{"taxonomy":"category","embeddable":true,"href":"https:\/\/www.lov.li\/index.php?rest_route=%2Fwp%2Fv2%2Fcategories&post=3882"},{"taxonomy":"post_tag","embeddable":true,"href":"https:\/\/www.lov.li\/index.php?rest_route=%2Fwp%2Fv2%2Ftags&post=3882"}],"curies":[{"name":"wp","href":"https:\/\/api.w.org\/{rel}","templated":true}]}}