{"id":3754,"date":"2017-09-16T09:52:29","date_gmt":"2017-09-16T08:52:29","guid":{"rendered":"http:\/\/www.lov.li\/?p=3754"},"modified":"2026-01-16T18:55:22","modified_gmt":"2026-01-16T17:55:22","slug":"neue-briefmarke-mit-vogel-des-jahres-2017","status":"publish","type":"post","link":"https:\/\/www.lov.li\/?p=3754","title":{"rendered":"Neue Briefmarke mit Vogel des Jahres 2017"},"content":{"rendered":"<div class=\"wp-block-image wp-image-3755\">\n<figure class=\"alignleft\"><img loading=\"lazy\" decoding=\"async\" width=\"300\" height=\"200\" src=\"http:\/\/www.lov.li\/wp-content\/uploads\/2017\/09\/Briefmarke-Wasseramsel-300x200.png\" alt=\"\" class=\"wp-image-3755\" srcset=\"https:\/\/www.lov.li\/wp-content\/uploads\/2017\/09\/Briefmarke-Wasseramsel-300x200.png 300w, https:\/\/www.lov.li\/wp-content\/uploads\/2017\/09\/Briefmarke-Wasseramsel-768x511.png 768w, https:\/\/www.lov.li\/wp-content\/uploads\/2017\/09\/Briefmarke-Wasseramsel-1024x681.png 1024w, https:\/\/www.lov.li\/wp-content\/uploads\/2017\/09\/Briefmarke-Wasseramsel.png 1551w\" sizes=\"auto, (max-width: 300px) 100vw, 300px\" \/><figcaption class=\"wp-element-caption\">Die braune, kugelige Wasseramsel mit ihrem weissen Brustlatz und kurzen Schwanz wurde hier beim F\u00fcttern eines Jungen am Val\u00fcnabach von unserem Fotografen <strong>Daniel Erni<\/strong> eingefangen<\/figcaption><\/figure>\n<\/div>\n\n\n<p class=\"has-text-align-left\">In Zusammenarbeit mit der Liechtensteinischen Post AG und mit dem Fotografen Daniel Erni gibt der OV Balzers bereits seine zweite Briefmarke heraus, dieses Mal mit der Wasseramsel, dem Vogel des Jahres 2017 als Sujet. Sie lebt an rasch fliessenden, klaren B\u00e4chen und Fl\u00fcssen mit grossen Steinen. Ihre Anwesenheit ist Beweis f\u00fcr eine gute Wasserqualit\u00e4t.<br>Weitere Informationen finden Sie unter<br><a href=\"http:\/\/www.lov.li\/?p=3440\" target=\"_blank\" rel=\"noopener\">http:\/\/www.lov.li\/?p=3440<\/a><\/p>\n\n\n\n<p class=\"has-text-align-left\"><strong>Auch Sie k\u00f6nnen dieses Wertzeichen bei Mitgliedern des Vereinsvorstands des OV Balzers beziehen. Adressen siehe:<\/strong> <a href=\"http:\/\/www.lov.li\/?page_id=54\" target=\"_blank\" rel=\"noopener\">http:\/\/www.lov.li\/?page_id=54<\/a><br>Ein Bogen (20 St\u00fcck) dieser 85er Marken wird zu 20 Franken abgegeben.<\/p>\n","protected":false},"excerpt":{"rendered":"<p>In Zusammenarbeit mit der Liechtensteinischen Post AG und mit dem Fotografen Daniel Erni gibt der OV Balzers bereits seine zweite Briefmarke heraus, dieses Mal mit der Wasseramsel, dem Vogel des Jahres 2017 als Sujet. Sie lebt an rasch fliessenden, klaren B\u00e4chen und Fl\u00fcssen mit grossen Steinen. Ihre Anwesenheit ist Beweis f\u00fcr eine gute Wasserqualit\u00e4t.Weitere Informationen &hellip; <\/p>\n<p class=\"link-more\"><a href=\"https:\/\/www.lov.li\/?p=3754\" class=\"more-link\"><span class=\"screen-reader-text\">\u201eNeue Briefmarke mit Vogel des Jahres 2017\u201c <\/span>weiterlesen<\/a><\/p>\n","protected":false},"author":1,"featured_media":0,"comment_status":"closed","ping_status":"open","sticky":false,"template":"","format":"standard","meta":{"_uag_custom_page_level_css":"","footnotes":""},"categories":[14],"tags":[],"class_list":["post-3754","post","type-post","status-publish","format-standard","hentry","category-archivierte-beitraege-nvs"],"uagb_featured_image_src":{"full":false,"thumbnail":false,"medium":false,"medium_large":false,"large":false,"1536x1536":false,"2048x2048":false,"twentyseventeen-featured-image":false,"twentyseventeen-thumbnail-avatar":false},"uagb_author_info":{"display_name":"admin","author_link":"https:\/\/www.lov.li\/?author=1"},"uagb_comment_info":0,"uagb_excerpt":"In Zusammenarbeit mit der Liechtensteinischen Post AG und mit dem Fotografen Daniel Erni gibt der OV Balzers bereits seine zweite Briefmarke heraus, dieses Mal mit der Wasseramsel, dem Vogel des Jahres 2017 als Sujet. Sie lebt an rasch fliessenden, klaren B\u00e4chen und Fl\u00fcssen mit grossen Steinen. Ihre Anwesenheit ist Beweis f\u00fcr eine gute Wasserqualit\u00e4t.Weitere Informationen&hellip;","_links":{"self":[{"href":"https:\/\/www.lov.li\/index.php?rest_route=\/wp\/v2\/posts\/3754","targetHints":{"allow":["GET"]}}],"collection":[{"href":"https:\/\/www.lov.li\/index.php?rest_route=\/wp\/v2\/posts"}],"about":[{"href":"https:\/\/www.lov.li\/index.php?rest_route=\/wp\/v2\/types\/post"}],"author":[{"embeddable":true,"href":"https:\/\/www.lov.li\/index.php?rest_route=\/wp\/v2\/users\/1"}],"replies":[{"embeddable":true,"href":"https:\/\/www.lov.li\/index.php?rest_route=%2Fwp%2Fv2%2Fcomments&post=3754"}],"version-history":[{"count":14,"href":"https:\/\/www.lov.li\/index.php?rest_route=\/wp\/v2\/posts\/3754\/revisions"}],"predecessor-version":[{"id":6609,"href":"https:\/\/www.lov.li\/index.php?rest_route=\/wp\/v2\/posts\/3754\/revisions\/6609"}],"wp:attachment":[{"href":"https:\/\/www.lov.li\/index.php?rest_route=%2Fwp%2Fv2%2Fmedia&parent=3754"}],"wp:term":[{"taxonomy":"category","embeddable":true,"href":"https:\/\/www.lov.li\/index.php?rest_route=%2Fwp%2Fv2%2Fcategories&post=3754"},{"taxonomy":"post_tag","embeddable":true,"href":"https:\/\/www.lov.li\/index.php?rest_route=%2Fwp%2Fv2%2Ftags&post=3754"}],"curies":[{"name":"wp","href":"https:\/\/api.w.org\/{rel}","templated":true}]}}