{"id":3711,"date":"2017-08-20T09:18:37","date_gmt":"2017-08-20T08:18:37","guid":{"rendered":"http:\/\/www.lov.li\/?p=3711"},"modified":"2026-01-16T18:52:09","modified_gmt":"2026-01-16T17:52:09","slug":"einfuehrung-in-die-haltung-von-kleintieren","status":"publish","type":"post","link":"https:\/\/www.lov.li\/?p=3711","title":{"rendered":"Einf\u00fchrung in die Haltung von Kleintieren"},"content":{"rendered":"<div class=\"wp-block-image size-medium wp-image-3724\">\n<figure class=\"alignleft\"><img loading=\"lazy\" decoding=\"async\" width=\"300\" height=\"199\" src=\"http:\/\/www.lov.li\/wp-content\/uploads\/2017\/08\/Einf\u00fchungKleintierzucht-2017-1-100dpi-1-300x199.jpg\" alt=\"\" class=\"wp-image-3724\" srcset=\"https:\/\/www.lov.li\/wp-content\/uploads\/2017\/08\/Einf\u00fchungKleintierzucht-2017-1-100dpi-1-300x199.jpg 300w, https:\/\/www.lov.li\/wp-content\/uploads\/2017\/08\/Einf\u00fchungKleintierzucht-2017-1-100dpi-1-768x509.jpg 768w, https:\/\/www.lov.li\/wp-content\/uploads\/2017\/08\/Einf\u00fchungKleintierzucht-2017-1-100dpi-1-1024x678.jpg 1024w, https:\/\/www.lov.li\/wp-content\/uploads\/2017\/08\/Einf\u00fchungKleintierzucht-2017-1-100dpi-1.jpg 1292w\" sizes=\"auto, (max-width: 300px) 100vw, 300px\" \/><figcaption class=\"wp-element-caption\">Referentin Astrid Spiri mit den Organisatoren Martin Amann (li) und Christian Oehri (re)<\/figcaption><\/figure>\n<\/div>\n\n\n<p>Am Samstag, 19. August 2017, nachmittags, trafen sich \u00fcber 30 Interessierte in Ruggell in zwei separat gef\u00fchrten praktischen Vortr\u00e4gen zur Haltung von Kaninchen und Gefl\u00fcgel. In der Anlage von Christian Oehri informierte Astrid Spiri von Kleintiere Schweiz&nbsp; \u00fcber die fachgerechte F\u00fctterung und Pflege, das Verhalten und die verschiedenen Krankheiten.<\/p>\n\n\n<div class=\"wp-block-image size-medium wp-image-3715\">\n<figure class=\"alignright\"><img loading=\"lazy\" decoding=\"async\" width=\"300\" height=\"183\" src=\"http:\/\/www.lov.li\/wp-content\/uploads\/2017\/08\/Einf\u00fchungKleintierzucht-2017-3-100dpi-300x183.jpg\" alt=\"\" class=\"wp-image-3715\" srcset=\"https:\/\/www.lov.li\/wp-content\/uploads\/2017\/08\/Einf\u00fchungKleintierzucht-2017-3-100dpi-300x183.jpg 300w, https:\/\/www.lov.li\/wp-content\/uploads\/2017\/08\/Einf\u00fchungKleintierzucht-2017-3-100dpi-768x469.jpg 768w, https:\/\/www.lov.li\/wp-content\/uploads\/2017\/08\/Einf\u00fchungKleintierzucht-2017-3-100dpi-1024x625.jpg 1024w, https:\/\/www.lov.li\/wp-content\/uploads\/2017\/08\/Einf\u00fchungKleintierzucht-2017-3-100dpi.jpg 1523w\" sizes=\"auto, (max-width: 300px) 100vw, 300px\" \/><figcaption class=\"wp-element-caption\">Praktische Informationen sind sehr einpr\u00e4gsam<\/figcaption><\/figure>\n<\/div>\n\n\n<p>Als langj\u00e4hrige, engagierte Z\u00fcchterin konnte Astrid ihr ganzes Wissen und die Erfahrung einbringen, sodass das aufmerksame Publikum, darunter erfreulich viele Jungz\u00fcchterinnen und Jungz\u00fcchter, viele wertvolle Tipps mitbekamen.<\/p>\n\n\n<div class=\"wp-block-image size-medium wp-image-3713\">\n<figure class=\"alignleft\"><img loading=\"lazy\" decoding=\"async\" width=\"300\" height=\"142\" src=\"http:\/\/www.lov.li\/wp-content\/uploads\/2017\/08\/Einf\u00fchungKleintierzucht-2017-2-100dpi-300x142.jpg\" alt=\"\" class=\"wp-image-3713\" srcset=\"https:\/\/www.lov.li\/wp-content\/uploads\/2017\/08\/Einf\u00fchungKleintierzucht-2017-2-100dpi-300x142.jpg 300w, https:\/\/www.lov.li\/wp-content\/uploads\/2017\/08\/Einf\u00fchungKleintierzucht-2017-2-100dpi-768x364.jpg 768w, https:\/\/www.lov.li\/wp-content\/uploads\/2017\/08\/Einf\u00fchungKleintierzucht-2017-2-100dpi-1024x485.jpg 1024w, https:\/\/www.lov.li\/wp-content\/uploads\/2017\/08\/Einf\u00fchungKleintierzucht-2017-2-100dpi.jpg 1514w\" sizes=\"auto, (max-width: 300px) 100vw, 300px\" \/><figcaption class=\"wp-element-caption\">Interessierte Zuh\u00f6rerinnen und Zuh\u00f6rer, darunter einige Jugendliche.<\/figcaption><\/figure>\n<\/div>\n\n\n<p>&nbsp;<\/p>\n\n\n\n<p>&nbsp;<\/p>\n\n\n\n<p>Am Schluss sass man noch in gem\u00fctlicher Runde beisammen und liess das Geh\u00f6rte nachklingen.<br>Herzlichen Dank der Referentin&nbsp; Astrid Spiri sowie den Organisatoren Christian Oehri und Martin Amann!<\/p>\n","protected":false},"excerpt":{"rendered":"<p>Am Samstag, 19. August 2017, nachmittags, trafen sich \u00fcber 30 Interessierte in Ruggell in zwei separat gef\u00fchrten praktischen Vortr\u00e4gen zur Haltung von Kaninchen und Gefl\u00fcgel. In der Anlage von Christian Oehri informierte Astrid Spiri von Kleintiere Schweiz&nbsp; \u00fcber die fachgerechte F\u00fctterung und Pflege, das Verhalten und die verschiedenen Krankheiten. Als langj\u00e4hrige, engagierte Z\u00fcchterin konnte Astrid &hellip; <\/p>\n<p class=\"link-more\"><a href=\"https:\/\/www.lov.li\/?p=3711\" class=\"more-link\"><span class=\"screen-reader-text\">\u201eEinf\u00fchrung in die Haltung von Kleintieren\u201c <\/span>weiterlesen<\/a><\/p>\n","protected":false},"author":1,"featured_media":0,"comment_status":"closed","ping_status":"open","sticky":false,"template":"","format":"standard","meta":{"_uag_custom_page_level_css":"","footnotes":""},"categories":[9],"tags":[],"class_list":["post-3711","post","type-post","status-publish","format-standard","hentry","category-archvierte-beitraege-kleintiere"],"uagb_featured_image_src":{"full":false,"thumbnail":false,"medium":false,"medium_large":false,"large":false,"1536x1536":false,"2048x2048":false,"twentyseventeen-featured-image":false,"twentyseventeen-thumbnail-avatar":false},"uagb_author_info":{"display_name":"admin","author_link":"https:\/\/www.lov.li\/?author=1"},"uagb_comment_info":0,"uagb_excerpt":"Am Samstag, 19. August 2017, nachmittags, trafen sich \u00fcber 30 Interessierte in Ruggell in zwei separat gef\u00fchrten praktischen Vortr\u00e4gen zur Haltung von Kaninchen und Gefl\u00fcgel. In der Anlage von Christian Oehri informierte Astrid Spiri von Kleintiere Schweiz&nbsp; \u00fcber die fachgerechte F\u00fctterung und Pflege, das Verhalten und die verschiedenen Krankheiten. Als langj\u00e4hrige, engagierte Z\u00fcchterin konnte Astrid&hellip;","_links":{"self":[{"href":"https:\/\/www.lov.li\/index.php?rest_route=\/wp\/v2\/posts\/3711","targetHints":{"allow":["GET"]}}],"collection":[{"href":"https:\/\/www.lov.li\/index.php?rest_route=\/wp\/v2\/posts"}],"about":[{"href":"https:\/\/www.lov.li\/index.php?rest_route=\/wp\/v2\/types\/post"}],"author":[{"embeddable":true,"href":"https:\/\/www.lov.li\/index.php?rest_route=\/wp\/v2\/users\/1"}],"replies":[{"embeddable":true,"href":"https:\/\/www.lov.li\/index.php?rest_route=%2Fwp%2Fv2%2Fcomments&post=3711"}],"version-history":[{"count":10,"href":"https:\/\/www.lov.li\/index.php?rest_route=\/wp\/v2\/posts\/3711\/revisions"}],"predecessor-version":[{"id":6602,"href":"https:\/\/www.lov.li\/index.php?rest_route=\/wp\/v2\/posts\/3711\/revisions\/6602"}],"wp:attachment":[{"href":"https:\/\/www.lov.li\/index.php?rest_route=%2Fwp%2Fv2%2Fmedia&parent=3711"}],"wp:term":[{"taxonomy":"category","embeddable":true,"href":"https:\/\/www.lov.li\/index.php?rest_route=%2Fwp%2Fv2%2Fcategories&post=3711"},{"taxonomy":"post_tag","embeddable":true,"href":"https:\/\/www.lov.li\/index.php?rest_route=%2Fwp%2Fv2%2Ftags&post=3711"}],"curies":[{"name":"wp","href":"https:\/\/api.w.org\/{rel}","templated":true}]}}