{"id":3688,"date":"2017-07-20T12:53:35","date_gmt":"2017-07-20T11:53:35","guid":{"rendered":"http:\/\/www.lov.li\/?p=3688"},"modified":"2026-01-16T19:11:30","modified_gmt":"2026-01-16T18:11:30","slug":"7-naturcamp-im-vogelparadies-mauren","status":"publish","type":"post","link":"https:\/\/www.lov.li\/?p=3688","title":{"rendered":"7. Naturcamp im Vogelparadies Mauren"},"content":{"rendered":"<div class=\"wp-block-image wp-image-3689\">\n<figure class=\"alignleft\"><img loading=\"lazy\" decoding=\"async\" width=\"300\" height=\"117\" src=\"http:\/\/www.lov.li\/wp-content\/uploads\/2017\/07\/Naturcamp-2017-300x117.jpg\" alt=\"\" class=\"wp-image-3689\" srcset=\"https:\/\/www.lov.li\/wp-content\/uploads\/2017\/07\/Naturcamp-2017-300x117.jpg 300w, https:\/\/www.lov.li\/wp-content\/uploads\/2017\/07\/Naturcamp-2017-768x300.jpg 768w, https:\/\/www.lov.li\/wp-content\/uploads\/2017\/07\/Naturcamp-2017-1024x400.jpg 1024w, https:\/\/www.lov.li\/wp-content\/uploads\/2017\/07\/Naturcamp-2017.jpg 1600w\" sizes=\"auto, (max-width: 300px) 100vw, 300px\" \/><figcaption class=\"wp-element-caption\">Der OV Mauren bot 26 begeisterten Kindern vom 12. &#8211; 14. Juli 2017, im Vogelparadies Birka, spannende Einblicke in die Natur.<\/figcaption><\/figure>\n<\/div>\n\n\n<p>Durchgef\u00fchrt wurde das attraktive Camp vom OV Mauren mit dem Pr\u00e4sidenten Josef Meier und dem Kernteam, bestehend aus Richard Schmuck, Georg Willi, Nora Willi, Fridel Breuss, Herbert Gisinger, Catharina Poidl, Carmen \u00d6hri und Sonja \u00d6hri. Um ein erlebnisreiches Camp durchzuf\u00fchren wurden wir dieses Jahr durch die Fachpersonen Marcel Hermann und das Forstteam Ueli, Patrick und Valentin zus\u00e4tzlich unterst\u00fctzt. Nat\u00fcrlich geh\u00f6rte auch die kreative K\u00fcchencrew dazu, allen voran Christine Gst\u00f6hl, Dagmar Meier, Silke Marxer und Eugen Deplazes, die f\u00fcr ein abwechslungsreiches Essen sorgten.<\/p>\n\n\n\n<!--more-->\n\n\n\n<p><br><strong>Spannendes Programm<\/strong><br>Rothirsch, Wald\u00f6kologie und Wasseramsel (Vogel des Jahres 2017) waren die Themen. Wunderbare Kunstwerke aus Schwemmholz wurden kreiert, eigene Seifen, Heil- und Wundsalben gemixt, duftende Kr\u00e4uterkegel gebunden und fantasievolle Schl\u00fcsselanh\u00e4nger aus Filz gebastelt. Die drei gl\u00fccklichen Tage verflogen im Nu, die Kinder sowie die Leiter\/-innen waren begeistert und einige junge Teilnehmerinnen und Teilnehmer meinten spontan, dass sie beim n\u00e4chsten Camp wieder dabei sein m\u00f6chten.<br>Herzlichen Dank dem OV Mauren mit allen Helfern f\u00fcr dieses einmal mehr tolle Naturcamp!<\/p>\n\n\n\n<p>Bildgalerie unter <a href=\"http:\/\/www.vogelparadies.li\" target=\"_blank\" rel=\"noopener\">www.vogelparadies.li<\/a><\/p>\n","protected":false},"excerpt":{"rendered":"<p>Durchgef\u00fchrt wurde das attraktive Camp vom OV Mauren mit dem Pr\u00e4sidenten Josef Meier und dem Kernteam, bestehend aus Richard Schmuck, Georg Willi, Nora Willi, Fridel Breuss, Herbert Gisinger, Catharina Poidl, Carmen \u00d6hri und Sonja \u00d6hri. Um ein erlebnisreiches Camp durchzuf\u00fchren wurden wir dieses Jahr durch die Fachpersonen Marcel Hermann und das Forstteam Ueli, Patrick und &hellip; <\/p>\n<p class=\"link-more\"><a href=\"https:\/\/www.lov.li\/?p=3688\" class=\"more-link\"><span class=\"screen-reader-text\">\u201e7. Naturcamp im Vogelparadies Mauren\u201c <\/span>weiterlesen<\/a><\/p>\n","protected":false},"author":1,"featured_media":0,"comment_status":"closed","ping_status":"open","sticky":false,"template":"","format":"standard","meta":{"_uag_custom_page_level_css":"","footnotes":""},"categories":[14],"tags":[],"class_list":["post-3688","post","type-post","status-publish","format-standard","hentry","category-archivierte-beitraege-nvs"],"uagb_featured_image_src":{"full":false,"thumbnail":false,"medium":false,"medium_large":false,"large":false,"1536x1536":false,"2048x2048":false,"twentyseventeen-featured-image":false,"twentyseventeen-thumbnail-avatar":false},"uagb_author_info":{"display_name":"admin","author_link":"https:\/\/www.lov.li\/?author=1"},"uagb_comment_info":0,"uagb_excerpt":"Durchgef\u00fchrt wurde das attraktive Camp vom OV Mauren mit dem Pr\u00e4sidenten Josef Meier und dem Kernteam, bestehend aus Richard Schmuck, Georg Willi, Nora Willi, Fridel Breuss, Herbert Gisinger, Catharina Poidl, Carmen \u00d6hri und Sonja \u00d6hri. Um ein erlebnisreiches Camp durchzuf\u00fchren wurden wir dieses Jahr durch die Fachpersonen Marcel Hermann und das Forstteam Ueli, Patrick und&hellip;","_links":{"self":[{"href":"https:\/\/www.lov.li\/index.php?rest_route=\/wp\/v2\/posts\/3688","targetHints":{"allow":["GET"]}}],"collection":[{"href":"https:\/\/www.lov.li\/index.php?rest_route=\/wp\/v2\/posts"}],"about":[{"href":"https:\/\/www.lov.li\/index.php?rest_route=\/wp\/v2\/types\/post"}],"author":[{"embeddable":true,"href":"https:\/\/www.lov.li\/index.php?rest_route=\/wp\/v2\/users\/1"}],"replies":[{"embeddable":true,"href":"https:\/\/www.lov.li\/index.php?rest_route=%2Fwp%2Fv2%2Fcomments&post=3688"}],"version-history":[{"count":3,"href":"https:\/\/www.lov.li\/index.php?rest_route=\/wp\/v2\/posts\/3688\/revisions"}],"predecessor-version":[{"id":6627,"href":"https:\/\/www.lov.li\/index.php?rest_route=\/wp\/v2\/posts\/3688\/revisions\/6627"}],"wp:attachment":[{"href":"https:\/\/www.lov.li\/index.php?rest_route=%2Fwp%2Fv2%2Fmedia&parent=3688"}],"wp:term":[{"taxonomy":"category","embeddable":true,"href":"https:\/\/www.lov.li\/index.php?rest_route=%2Fwp%2Fv2%2Fcategories&post=3688"},{"taxonomy":"post_tag","embeddable":true,"href":"https:\/\/www.lov.li\/index.php?rest_route=%2Fwp%2Fv2%2Ftags&post=3688"}],"curies":[{"name":"wp","href":"https:\/\/api.w.org\/{rel}","templated":true}]}}