{"id":3652,"date":"2017-05-22T15:33:34","date_gmt":"2017-05-22T14:33:34","guid":{"rendered":"http:\/\/www.lov.li\/?p=3652"},"modified":"2026-01-16T19:12:27","modified_gmt":"2026-01-16T18:12:27","slug":"die-vogelwelt-im-wandel","status":"publish","type":"post","link":"https:\/\/www.lov.li\/?p=3652","title":{"rendered":"Die Vogelwelt im Wandel"},"content":{"rendered":"<div class=\"wp-block-image\">\n<figure class=\"alignleft\"><img loading=\"lazy\" decoding=\"async\" width=\"201\" height=\"190\" src=\"http:\/\/www.lov.li\/wp-content\/uploads\/2017\/05\/GeorgWilli-1.jpg\" alt=\"\" class=\"wp-image-3656\"\/><\/figure>\n<\/div>\n\n\n<p>In der Ausgabe vom 21. Mai 2017 der &#8222;Liewo&#8220; spricht Georg Willi, Obmann Natur- und Vogelschutz sowie Vizepr\u00e4sident&nbsp;des LOV,&nbsp;\u00fcber den Zustand und die Herausforderungen in der regionalen Vogel-Fauna. Die Fotos sind von Rainer K\u00fchnis, der sich als Naturfotograf sowie auch als Pr\u00e4sident des Fischereivereins stark f\u00fcr unsere Natur einsetzt.<\/p>\n\n\n<div class=\"wp-block-image\">\n<figure class=\"alignleft\"><img loading=\"lazy\" decoding=\"async\" width=\"40\" height=\"40\" src=\"http:\/\/www.lov.li\/wp-content\/uploads\/2015\/07\/pdf-e1436773191838.png\" alt=\"\" class=\"wp-image-2770\"\/><\/figure>\n<\/div>\n\n\n<p><a href=\"http:\/\/www.lov.li\/wp-content\/uploads\/2017\/05\/Liewo21.5.2017-Thema_Vogelwelt.pdf\" target=\"_blank\" rel=\"noopener noreferrer\">Liewo21.5.2017-Thema_Vogelwelt<\/a><\/p>\n\n\n\n<p>&nbsp;<\/p>\n","protected":false},"excerpt":{"rendered":"<p>In der Ausgabe vom 21. Mai 2017 der &#8222;Liewo&#8220; spricht Georg Willi, Obmann Natur- und Vogelschutz sowie Vizepr\u00e4sident&nbsp;des LOV,&nbsp;\u00fcber den Zustand und die Herausforderungen in der regionalen Vogel-Fauna. Die Fotos sind von Rainer K\u00fchnis, der sich als Naturfotograf sowie auch als Pr\u00e4sident des Fischereivereins stark f\u00fcr unsere Natur einsetzt. Liewo21.5.2017-Thema_Vogelwelt &nbsp;<\/p>\n","protected":false},"author":1,"featured_media":0,"comment_status":"closed","ping_status":"open","sticky":false,"template":"","format":"standard","meta":{"_uag_custom_page_level_css":"","footnotes":""},"categories":[14],"tags":[],"class_list":["post-3652","post","type-post","status-publish","format-standard","hentry","category-archivierte-beitraege-nvs"],"uagb_featured_image_src":{"full":false,"thumbnail":false,"medium":false,"medium_large":false,"large":false,"1536x1536":false,"2048x2048":false,"twentyseventeen-featured-image":false,"twentyseventeen-thumbnail-avatar":false},"uagb_author_info":{"display_name":"admin","author_link":"https:\/\/www.lov.li\/?author=1"},"uagb_comment_info":0,"uagb_excerpt":"In der Ausgabe vom 21. Mai 2017 der &#8222;Liewo&#8220; spricht Georg Willi, Obmann Natur- und Vogelschutz sowie Vizepr\u00e4sident&nbsp;des LOV,&nbsp;\u00fcber den Zustand und die Herausforderungen in der regionalen Vogel-Fauna. Die Fotos sind von Rainer K\u00fchnis, der sich als Naturfotograf sowie auch als Pr\u00e4sident des Fischereivereins stark f\u00fcr unsere Natur einsetzt. Liewo21.5.2017-Thema_Vogelwelt &nbsp;","_links":{"self":[{"href":"https:\/\/www.lov.li\/index.php?rest_route=\/wp\/v2\/posts\/3652","targetHints":{"allow":["GET"]}}],"collection":[{"href":"https:\/\/www.lov.li\/index.php?rest_route=\/wp\/v2\/posts"}],"about":[{"href":"https:\/\/www.lov.li\/index.php?rest_route=\/wp\/v2\/types\/post"}],"author":[{"embeddable":true,"href":"https:\/\/www.lov.li\/index.php?rest_route=\/wp\/v2\/users\/1"}],"replies":[{"embeddable":true,"href":"https:\/\/www.lov.li\/index.php?rest_route=%2Fwp%2Fv2%2Fcomments&post=3652"}],"version-history":[{"count":4,"href":"https:\/\/www.lov.li\/index.php?rest_route=\/wp\/v2\/posts\/3652\/revisions"}],"predecessor-version":[{"id":6629,"href":"https:\/\/www.lov.li\/index.php?rest_route=\/wp\/v2\/posts\/3652\/revisions\/6629"}],"wp:attachment":[{"href":"https:\/\/www.lov.li\/index.php?rest_route=%2Fwp%2Fv2%2Fmedia&parent=3652"}],"wp:term":[{"taxonomy":"category","embeddable":true,"href":"https:\/\/www.lov.li\/index.php?rest_route=%2Fwp%2Fv2%2Fcategories&post=3652"},{"taxonomy":"post_tag","embeddable":true,"href":"https:\/\/www.lov.li\/index.php?rest_route=%2Fwp%2Fv2%2Ftags&post=3652"}],"curies":[{"name":"wp","href":"https:\/\/api.w.org\/{rel}","templated":true}]}}