{"id":3550,"date":"2017-04-12T08:16:29","date_gmt":"2017-04-12T07:16:29","guid":{"rendered":"http:\/\/www.lov.li\/?p=3550"},"modified":"2026-01-16T21:09:51","modified_gmt":"2026-01-16T20:09:51","slug":"biodiversitaet-pflanzaktion-der-primarschule-balzers","status":"publish","type":"post","link":"https:\/\/www.lov.li\/?p=3550","title":{"rendered":"Biodiversit\u00e4t: Pflanzaktion der Primarschule Balzers"},"content":{"rendered":"\n<h4 class=\"wp-block-heading\"><strong>Einheimische Wildstr\u00e4ucher am Fusse des Burgh\u00fcgels<\/strong><\/h4>\n\n\n<div class=\"wp-block-image\">\n<figure class=\"alignleft\"><a href=\"http:\/\/www.lov.li\/wp-content\/uploads\/2017\/04\/CollageBiodiversit\u00e4t-PSBalzers-100dpi.jpg\"><img loading=\"lazy\" decoding=\"async\" width=\"757\" height=\"568\" src=\"http:\/\/www.lov.li\/wp-content\/uploads\/2017\/04\/CollageBiodiversit\u00e4t-PSBalzers-100dpi.jpg\" alt=\"\" class=\"wp-image-3552\" srcset=\"https:\/\/www.lov.li\/wp-content\/uploads\/2017\/04\/CollageBiodiversit\u00e4t-PSBalzers-100dpi.jpg 757w, https:\/\/www.lov.li\/wp-content\/uploads\/2017\/04\/CollageBiodiversit\u00e4t-PSBalzers-100dpi-300x225.jpg 300w\" sizes=\"auto, (max-width: 706px) 89vw, (max-width: 767px) 82vw, 740px\" \/><\/a><\/figure>\n<\/div>\n\n\n<p>Die Balzner Werkgruppe und Schulkinder der Primarschule haben 14 einheimische Wildstr\u00e4ucher am s\u00fcdlichen Fusse des Burgh\u00fcgels eingepflanzt. Heckenrose, Berberitze, Holder, Schwarzdorn, Schneeball etc\u2026 sollen den Spazierg\u00e4ngern am Burgh\u00fcgel vor Augen f\u00fchren, wie auch einheimische Str\u00e4ucher den Garten versch\u00f6nern und verzaubern k\u00f6nnen. Sie bringen nicht nur Farben in den Garten, sondern auch Leben! Viele dieser Str\u00e4ucher sind Bienen- und Schmetterlingsweiden, einige tragen Fr\u00fcchte, welche \u00e4usserst vitaminreich sind und wieder andere dienen V\u00f6geln als Winterfutter.<\/p>\n\n\n\n<p>Zu einem sp\u00e4teren Zeitpunkt werden diese Str\u00e4uchergruppen auch beschriftet, damit der interessierte Naturliebhaber auch selber seinem Garten eine \u00f6kologische Nische verleihen kann!<\/p>\n","protected":false},"excerpt":{"rendered":"<p>Einheimische Wildstr\u00e4ucher am Fusse des Burgh\u00fcgels Die Balzner Werkgruppe und Schulkinder der Primarschule haben 14 einheimische Wildstr\u00e4ucher am s\u00fcdlichen Fusse des Burgh\u00fcgels eingepflanzt. Heckenrose, Berberitze, Holder, Schwarzdorn, Schneeball etc\u2026 sollen den Spazierg\u00e4ngern am Burgh\u00fcgel vor Augen f\u00fchren, wie auch einheimische Str\u00e4ucher den Garten versch\u00f6nern und verzaubern k\u00f6nnen. Sie bringen nicht nur Farben in den Garten, &hellip; <\/p>\n<p class=\"link-more\"><a href=\"https:\/\/www.lov.li\/?p=3550\" class=\"more-link\"><span class=\"screen-reader-text\">\u201eBiodiversit\u00e4t: Pflanzaktion der Primarschule Balzers\u201c <\/span>weiterlesen<\/a><\/p>\n","protected":false},"author":1,"featured_media":0,"comment_status":"closed","ping_status":"open","sticky":false,"template":"","format":"standard","meta":{"_uag_custom_page_level_css":"","footnotes":""},"categories":[14],"tags":[],"class_list":["post-3550","post","type-post","status-publish","format-standard","hentry","category-archivierte-beitraege-nvs"],"uagb_featured_image_src":{"full":false,"thumbnail":false,"medium":false,"medium_large":false,"large":false,"1536x1536":false,"2048x2048":false,"twentyseventeen-featured-image":false,"twentyseventeen-thumbnail-avatar":false},"uagb_author_info":{"display_name":"admin","author_link":"https:\/\/www.lov.li\/?author=1"},"uagb_comment_info":0,"uagb_excerpt":"Einheimische Wildstr\u00e4ucher am Fusse des Burgh\u00fcgels Die Balzner Werkgruppe und Schulkinder der Primarschule haben 14 einheimische Wildstr\u00e4ucher am s\u00fcdlichen Fusse des Burgh\u00fcgels eingepflanzt. Heckenrose, Berberitze, Holder, Schwarzdorn, Schneeball etc\u2026 sollen den Spazierg\u00e4ngern am Burgh\u00fcgel vor Augen f\u00fchren, wie auch einheimische Str\u00e4ucher den Garten versch\u00f6nern und verzaubern k\u00f6nnen. Sie bringen nicht nur Farben in den Garten,&hellip;","_links":{"self":[{"href":"https:\/\/www.lov.li\/index.php?rest_route=\/wp\/v2\/posts\/3550","targetHints":{"allow":["GET"]}}],"collection":[{"href":"https:\/\/www.lov.li\/index.php?rest_route=\/wp\/v2\/posts"}],"about":[{"href":"https:\/\/www.lov.li\/index.php?rest_route=\/wp\/v2\/types\/post"}],"author":[{"embeddable":true,"href":"https:\/\/www.lov.li\/index.php?rest_route=\/wp\/v2\/users\/1"}],"replies":[{"embeddable":true,"href":"https:\/\/www.lov.li\/index.php?rest_route=%2Fwp%2Fv2%2Fcomments&post=3550"}],"version-history":[{"count":5,"href":"https:\/\/www.lov.li\/index.php?rest_route=\/wp\/v2\/posts\/3550\/revisions"}],"predecessor-version":[{"id":6688,"href":"https:\/\/www.lov.li\/index.php?rest_route=\/wp\/v2\/posts\/3550\/revisions\/6688"}],"wp:attachment":[{"href":"https:\/\/www.lov.li\/index.php?rest_route=%2Fwp%2Fv2%2Fmedia&parent=3550"}],"wp:term":[{"taxonomy":"category","embeddable":true,"href":"https:\/\/www.lov.li\/index.php?rest_route=%2Fwp%2Fv2%2Fcategories&post=3550"},{"taxonomy":"post_tag","embeddable":true,"href":"https:\/\/www.lov.li\/index.php?rest_route=%2Fwp%2Fv2%2Ftags&post=3550"}],"curies":[{"name":"wp","href":"https:\/\/api.w.org\/{rel}","templated":true}]}}