{"id":3533,"date":"2017-04-07T20:59:13","date_gmt":"2017-04-07T19:59:13","guid":{"rendered":"http:\/\/www.lov.li\/?p=3533"},"modified":"2026-01-16T21:09:25","modified_gmt":"2026-01-16T20:09:25","slug":"der-ov-balzers-im-atelier-der-primarschule","status":"publish","type":"post","link":"https:\/\/www.lov.li\/?p=3533","title":{"rendered":"Der OV Balzers im Atelier der Primarschule"},"content":{"rendered":"<div class=\"wp-block-image\">\n<figure class=\"alignleft\"><a href=\"http:\/\/www.lov.li\/wp-content\/uploads\/2017\/04\/Artelier-Schule-2017-72dpi.jpg\"><img loading=\"lazy\" decoding=\"async\" width=\"932\" height=\"618\" src=\"http:\/\/www.lov.li\/wp-content\/uploads\/2017\/04\/Artelier-Schule-2017-72dpi.jpg\" alt=\"\" class=\"wp-image-3536\" srcset=\"https:\/\/www.lov.li\/wp-content\/uploads\/2017\/04\/Artelier-Schule-2017-72dpi.jpg 932w, https:\/\/www.lov.li\/wp-content\/uploads\/2017\/04\/Artelier-Schule-2017-72dpi-300x199.jpg 300w, https:\/\/www.lov.li\/wp-content\/uploads\/2017\/04\/Artelier-Schule-2017-72dpi-768x509.jpg 768w\" sizes=\"auto, (max-width: 767px) 89vw, (max-width: 1000px) 54vw, (max-width: 1071px) 543px, 580px\" \/><\/a><\/figure>\n<\/div>\n\n\n<p><\/p>\n\n\n\n<p>Die Sondertage der Primarschule Balzers Ende M\u00e4rz nutze der OVB dazu, den Kindern in zwei attraktiven Angeboten Kleintiere und V\u00f6gel vorzustellen.<br>W\u00e4hrend sich eine Gruppe mit Kaninchen auch im w\u00f6rtlichen Sinne be-fassen konnte sowie Hege und Pflege der Kleintiere kennenlernte, besch\u00e4ftigte sich die andere mit heimischen Greifv\u00f6geln und Eulen. Bussard, Habicht und Waldkauz galt die ungeteilte Bewunderung der Kleinen. Gut erhaltene Pr\u00e4parate des OV halfen mit, die Geschichten um diese speziellen V\u00f6gel zu beleben.<\/p>\n\n\n<div class=\"wp-block-image\">\n<figure class=\"alignleft\"><a href=\"http:\/\/www.lov.li\/wp-content\/uploads\/2015\/04\/Adobe_Acrobat_v8.0_icon.svg-1-e1429341183514.png\"><img loading=\"lazy\" decoding=\"async\" width=\"40\" height=\"40\" src=\"http:\/\/www.lov.li\/wp-content\/uploads\/2015\/04\/Adobe_Acrobat_v8.0_icon.svg-1-e1429341183514.png\" alt=\"\" class=\"wp-image-2663\"\/><\/a><\/figure>\n<\/div>\n\n\n<p><a href=\"http:\/\/www.lov.li\/wp-content\/uploads\/2017\/04\/Artelier-Schule-2017.pdf\" target=\"_blank\" rel=\"noopener noreferrer\">Fotocollage-Atelier-Schule-2017<\/a><\/p>\n","protected":false},"excerpt":{"rendered":"<p>Die Sondertage der Primarschule Balzers Ende M\u00e4rz nutze der OVB dazu, den Kindern in zwei attraktiven Angeboten Kleintiere und V\u00f6gel vorzustellen.W\u00e4hrend sich eine Gruppe mit Kaninchen auch im w\u00f6rtlichen Sinne be-fassen konnte sowie Hege und Pflege der Kleintiere kennenlernte, besch\u00e4ftigte sich die andere mit heimischen Greifv\u00f6geln und Eulen. Bussard, Habicht und Waldkauz galt die ungeteilte &hellip; <\/p>\n<p class=\"link-more\"><a href=\"https:\/\/www.lov.li\/?p=3533\" class=\"more-link\"><span class=\"screen-reader-text\">\u201eDer OV Balzers im Atelier der Primarschule\u201c <\/span>weiterlesen<\/a><\/p>\n","protected":false},"author":1,"featured_media":0,"comment_status":"closed","ping_status":"open","sticky":false,"template":"","format":"standard","meta":{"_uag_custom_page_level_css":"","footnotes":""},"categories":[9],"tags":[],"class_list":["post-3533","post","type-post","status-publish","format-standard","hentry","category-archvierte-beitraege-kleintiere"],"uagb_featured_image_src":{"full":false,"thumbnail":false,"medium":false,"medium_large":false,"large":false,"1536x1536":false,"2048x2048":false,"twentyseventeen-featured-image":false,"twentyseventeen-thumbnail-avatar":false},"uagb_author_info":{"display_name":"admin","author_link":"https:\/\/www.lov.li\/?author=1"},"uagb_comment_info":0,"uagb_excerpt":"Die Sondertage der Primarschule Balzers Ende M\u00e4rz nutze der OVB dazu, den Kindern in zwei attraktiven Angeboten Kleintiere und V\u00f6gel vorzustellen.W\u00e4hrend sich eine Gruppe mit Kaninchen auch im w\u00f6rtlichen Sinne be-fassen konnte sowie Hege und Pflege der Kleintiere kennenlernte, besch\u00e4ftigte sich die andere mit heimischen Greifv\u00f6geln und Eulen. Bussard, Habicht und Waldkauz galt die ungeteilte&hellip;","_links":{"self":[{"href":"https:\/\/www.lov.li\/index.php?rest_route=\/wp\/v2\/posts\/3533","targetHints":{"allow":["GET"]}}],"collection":[{"href":"https:\/\/www.lov.li\/index.php?rest_route=\/wp\/v2\/posts"}],"about":[{"href":"https:\/\/www.lov.li\/index.php?rest_route=\/wp\/v2\/types\/post"}],"author":[{"embeddable":true,"href":"https:\/\/www.lov.li\/index.php?rest_route=\/wp\/v2\/users\/1"}],"replies":[{"embeddable":true,"href":"https:\/\/www.lov.li\/index.php?rest_route=%2Fwp%2Fv2%2Fcomments&post=3533"}],"version-history":[{"count":5,"href":"https:\/\/www.lov.li\/index.php?rest_route=\/wp\/v2\/posts\/3533\/revisions"}],"predecessor-version":[{"id":6687,"href":"https:\/\/www.lov.li\/index.php?rest_route=\/wp\/v2\/posts\/3533\/revisions\/6687"}],"wp:attachment":[{"href":"https:\/\/www.lov.li\/index.php?rest_route=%2Fwp%2Fv2%2Fmedia&parent=3533"}],"wp:term":[{"taxonomy":"category","embeddable":true,"href":"https:\/\/www.lov.li\/index.php?rest_route=%2Fwp%2Fv2%2Fcategories&post=3533"},{"taxonomy":"post_tag","embeddable":true,"href":"https:\/\/www.lov.li\/index.php?rest_route=%2Fwp%2Fv2%2Ftags&post=3533"}],"curies":[{"name":"wp","href":"https:\/\/api.w.org\/{rel}","templated":true}]}}