{"id":3366,"date":"2016-12-06T16:42:47","date_gmt":"2016-12-06T15:42:47","guid":{"rendered":"http:\/\/www.lov.li\/?p=3366"},"modified":"2026-01-16T21:07:16","modified_gmt":"2026-01-16T20:07:16","slug":"familienfreundliche-kleintierausstellung-in-balzers","status":"publish","type":"post","link":"https:\/\/www.lov.li\/?p=3366","title":{"rendered":"Familienfreundliche Kleintierausstellung in Balzers"},"content":{"rendered":"\n<p>&nbsp;<\/p>\n\n\n<div class=\"wp-block-image\">\n<figure class=\"alignleft\"><a href=\"http:\/\/www.lov.li\/wp-content\/uploads\/2016\/12\/Ausstellung-HP-1-72dpi.jpg\"><img loading=\"lazy\" decoding=\"async\" width=\"300\" height=\"200\" src=\"http:\/\/www.lov.li\/wp-content\/uploads\/2016\/12\/Ausstellung-HP-1-72dpi-300x200.jpg\" alt=\"In den lichten G\u00e4ngen gab es f\u00fcr Kaninchenfreunde genug zum sehen und diskutieren.\" class=\"wp-image-3368\" srcset=\"https:\/\/www.lov.li\/wp-content\/uploads\/2016\/12\/Ausstellung-HP-1-72dpi-300x200.jpg 300w, https:\/\/www.lov.li\/wp-content\/uploads\/2016\/12\/Ausstellung-HP-1-72dpi-768x511.jpg 768w, https:\/\/www.lov.li\/wp-content\/uploads\/2016\/12\/Ausstellung-HP-1-72dpi-1024x681.jpg 1024w\" sizes=\"auto, (max-width: 300px) 100vw, 300px\" \/><\/a><figcaption class=\"wp-element-caption\">In den lichten G\u00e4ngen gab es f\u00fcr Kaninchenfreunde\u00a0jede Menge\u00a0zu sehen und zu\u00a0diskutieren.<\/figcaption><\/figure>\n<\/div>\n\n\n<p><span style=\"font-family: times new roman,times,serif;\"><strong><span style=\"font-size: 14pt;\">Von Kaninchen, Geissen und V\u00f6geln<\/span><\/strong><\/span><\/p>\n\n\n\n<p><span style=\"color: #000000; font-family: times new roman,times,serif; font-size: 12pt;\">Am vergangenen Wochenende vom 3. + 4. Dezember 2016&nbsp;f\u00fchrte der OV Balzers im Gemeindesaal seine Kleintierausstellung durch \u2013 diesmal (fast) ohne Gefl\u00fcgel, da dieses infolge Vogelgrippe in den St\u00e4llen bleiben musste.<\/span><\/p>\n\n\n\n<p><span style=\"color: #000000; font-family: times new roman,times,serif; font-size: 12pt;\">Trotzdem fanden Gross und Klein Freude an den \u00fcber 200 Kaninchen, welche sich in den verschiedensten Farbenschl\u00e4gen pr\u00e4sentierten. Die Pr\u00e4mierung der in 32 Rassen eingeteilten Kaninchen brachten viele perfekt gebaute und gepflegte Tiere zu Tage und die Z\u00fcchter erhielten eine sch\u00f6ne Auszeichnung.<\/span><\/p>\n\n\n\n<!--more-->\n\n\n\n<figure class=\"wp-block-image alignnone\"><a href=\"http:\/\/www.lov.li\/wp-content\/uploads\/2016\/12\/AusstellungHP-2-72dpi.jpg\"><img loading=\"lazy\" decoding=\"async\" width=\"300\" height=\"200\" src=\"http:\/\/www.lov.li\/wp-content\/uploads\/2016\/12\/AusstellungHP-2-72dpi-300x200.jpg\" alt=\"ausstellunghp-2-72dpi\" class=\"wp-image-3367\" srcset=\"https:\/\/www.lov.li\/wp-content\/uploads\/2016\/12\/AusstellungHP-2-72dpi-300x200.jpg 300w, https:\/\/www.lov.li\/wp-content\/uploads\/2016\/12\/AusstellungHP-2-72dpi-768x511.jpg 768w, https:\/\/www.lov.li\/wp-content\/uploads\/2016\/12\/AusstellungHP-2-72dpi-1024x681.jpg 1024w\" sizes=\"auto, (max-width: 300px) 100vw, 300px\" \/><\/a><figcaption class=\"wp-element-caption\">Die jungen Appenzeller Ziegen von Martin Willi geh\u00f6rten zu den Lieblingen der zahlreich erschienen Familien.<\/figcaption><\/figure>\n\n\n\n<p><span style=\"color: #000000; font-family: times new roman,times,serif; font-size: 12pt;\">Daneben erfreuten putzige Appenzeller Ziegen, blendend weisse Hochzeitstauben, bunte Kanarienv\u00f6gel und quirlige Meerschweinchen vor allem die kleinen Besucher.<\/span><\/p>\n\n\n\n<p><span style=\"color: #000000; font-family: times new roman,times,serif; font-size: 12pt;\">Auf der Saalb\u00fchne hatten die Ornithologen eine kleine Erlebniswelt zum Thema \u201eWinterf\u00fctterung\u201c eingerichtet: Futterk\u00e4sten zum Zusammenbauen an Ort, Infostelen zur Winterf\u00fctterung, eine Wildstr\u00e4ucher-Ausstellung als Hinweis auf die Bedeutung einheimischer Str\u00e4ucher f\u00fcr Bienen und V\u00f6gel sowie Kinderecke und Kino. <\/span><\/p>\n\n\n\n<p><span style=\"color: #000000; font-family: times new roman,times,serif; font-size: 12pt;\">Ein sch\u00f6nes Programm, welches von einem \u00fcberraschend erschienenen Nikolaus, einer guten Verpflegung im Saal und einer grosse Tombola abgerundet wurde. Nicht eingel\u00f6ste Tombolapreise k\u00f6nnen noch bis kommenden Samstag bei Michael Wolfinger, Alte Churerstrasse 49, Balzers, abgeholt werden.<\/span><\/p>\n\n\n<div class=\"wp-block-image\">\n<figure class=\"alignleft\"><a href=\"http:\/\/www.lov.li\/wp-content\/uploads\/2015\/07\/pdf-e1436773191838.png\"><img loading=\"lazy\" decoding=\"async\" width=\"40\" height=\"40\" src=\"http:\/\/www.lov.li\/wp-content\/uploads\/2015\/07\/pdf-e1436773191838.png\" alt=\"pdf\" class=\"wp-image-2770\"\/><\/a><\/figure>\n<\/div>\n\n\n<p><span style=\"color: #000000; font-family: arial,helvetica,sans-serif; font-size: 12pt;\">&nbsp;<a href=\"http:\/\/www.lov.li\/wp-content\/uploads\/2016\/12\/RagnlisteBalzers2016.pdf\" target=\"_blank\" rel=\"noopener\">RanglisteSieoderErBalzers2016<\/a><\/span><\/p>\n","protected":false},"excerpt":{"rendered":"<p>&nbsp; Von Kaninchen, Geissen und V\u00f6geln Am vergangenen Wochenende vom 3. + 4. Dezember 2016&nbsp;f\u00fchrte der OV Balzers im Gemeindesaal seine Kleintierausstellung durch \u2013 diesmal (fast) ohne Gefl\u00fcgel, da dieses infolge Vogelgrippe in den St\u00e4llen bleiben musste. Trotzdem fanden Gross und Klein Freude an den \u00fcber 200 Kaninchen, welche sich in den verschiedensten Farbenschl\u00e4gen pr\u00e4sentierten. &hellip; <\/p>\n<p class=\"link-more\"><a href=\"https:\/\/www.lov.li\/?p=3366\" class=\"more-link\"><span class=\"screen-reader-text\">\u201eFamilienfreundliche Kleintierausstellung in Balzers\u201c <\/span>weiterlesen<\/a><\/p>\n","protected":false},"author":1,"featured_media":0,"comment_status":"closed","ping_status":"open","sticky":false,"template":"","format":"standard","meta":{"_uag_custom_page_level_css":"","footnotes":""},"categories":[9],"tags":[],"class_list":["post-3366","post","type-post","status-publish","format-standard","hentry","category-archvierte-beitraege-kleintiere"],"uagb_featured_image_src":{"full":false,"thumbnail":false,"medium":false,"medium_large":false,"large":false,"1536x1536":false,"2048x2048":false,"twentyseventeen-featured-image":false,"twentyseventeen-thumbnail-avatar":false},"uagb_author_info":{"display_name":"admin","author_link":"https:\/\/www.lov.li\/?author=1"},"uagb_comment_info":0,"uagb_excerpt":"&nbsp; Von Kaninchen, Geissen und V\u00f6geln Am vergangenen Wochenende vom 3. + 4. Dezember 2016&nbsp;f\u00fchrte der OV Balzers im Gemeindesaal seine Kleintierausstellung durch \u2013 diesmal (fast) ohne Gefl\u00fcgel, da dieses infolge Vogelgrippe in den St\u00e4llen bleiben musste. Trotzdem fanden Gross und Klein Freude an den \u00fcber 200 Kaninchen, welche sich in den verschiedensten Farbenschl\u00e4gen pr\u00e4sentierten.&hellip;","_links":{"self":[{"href":"https:\/\/www.lov.li\/index.php?rest_route=\/wp\/v2\/posts\/3366","targetHints":{"allow":["GET"]}}],"collection":[{"href":"https:\/\/www.lov.li\/index.php?rest_route=\/wp\/v2\/posts"}],"about":[{"href":"https:\/\/www.lov.li\/index.php?rest_route=\/wp\/v2\/types\/post"}],"author":[{"embeddable":true,"href":"https:\/\/www.lov.li\/index.php?rest_route=\/wp\/v2\/users\/1"}],"replies":[{"embeddable":true,"href":"https:\/\/www.lov.li\/index.php?rest_route=%2Fwp%2Fv2%2Fcomments&post=3366"}],"version-history":[{"count":11,"href":"https:\/\/www.lov.li\/index.php?rest_route=\/wp\/v2\/posts\/3366\/revisions"}],"predecessor-version":[{"id":6680,"href":"https:\/\/www.lov.li\/index.php?rest_route=\/wp\/v2\/posts\/3366\/revisions\/6680"}],"wp:attachment":[{"href":"https:\/\/www.lov.li\/index.php?rest_route=%2Fwp%2Fv2%2Fmedia&parent=3366"}],"wp:term":[{"taxonomy":"category","embeddable":true,"href":"https:\/\/www.lov.li\/index.php?rest_route=%2Fwp%2Fv2%2Fcategories&post=3366"},{"taxonomy":"post_tag","embeddable":true,"href":"https:\/\/www.lov.li\/index.php?rest_route=%2Fwp%2Fv2%2Ftags&post=3366"}],"curies":[{"name":"wp","href":"https:\/\/api.w.org\/{rel}","templated":true}]}}