{"id":3344,"date":"2016-11-25T21:30:35","date_gmt":"2016-11-25T20:30:35","guid":{"rendered":"http:\/\/www.lov.li\/?p=3344"},"modified":"2026-01-16T21:06:10","modified_gmt":"2026-01-16T20:06:10","slug":"vogelkurse-und-spechttagung","status":"publish","type":"post","link":"https:\/\/www.lov.li\/?p=3344","title":{"rendered":"Vogelkurse und Spechttagung"},"content":{"rendered":"<div class=\"wp-block-image\">\n<figure class=\"alignleft\"><a href=\"http:\/\/www.lov.li\/wp-content\/uploads\/2016\/11\/Buntspecht.jpg\"><img loading=\"lazy\" decoding=\"async\" width=\"200\" height=\"300\" src=\"http:\/\/www.lov.li\/wp-content\/uploads\/2016\/11\/Buntspecht-200x300.jpg\" alt=\"buntspecht\" class=\"wp-image-3343\" srcset=\"https:\/\/www.lov.li\/wp-content\/uploads\/2016\/11\/Buntspecht-200x300.jpg 200w, https:\/\/www.lov.li\/wp-content\/uploads\/2016\/11\/Buntspecht.jpg 512w\" sizes=\"auto, (max-width: 200px) 100vw, 200px\" \/><\/a><\/figure>\n<\/div>\n\n\n<p><span style=\"background-color: transparent;\"><span style=\"direction: rtl;\">Wer mehr \u00fcber unsere Vogelwelt wissen m\u00f6chte, kann dies mit dem Besuch eines Vogelkurses machen. Der Folder, den sie durch anklicken \u00f6ffnen k\u00f6nnen, gibt Auskunft \u00fcber verschiedene M\u00f6glichkeiten der <\/span><span style=\"unicode-bidi: embed;\">ornithologischen<\/span><span style=\"direction: rtl;\"> Weiterbildung:&nbsp;<a href=\"http:\/\/www.lov.li\/wp-content\/uploads\/2016\/11\/Flyer_Vogelkurse-2017.pdf\">Vogelkurse 2017<\/a><\/span><\/span><\/p>\n\n\n\n<p>Die Fachgruppe &#8222;Spechte&#8220; der Deutschen Ornithologen-Gesellschaft f\u00fchrt vom 31. M\u00e4rz bis 2. April 2017 eine Fachtagung durch, wobei die Vortr\u00e4ge in Hohenems stattfinden, eine Exkursion aber auch zum&nbsp;Maurer Berg oberhalb Schaanwald&nbsp;f\u00fchren wird. Mehr erfahren sie unter:&nbsp;<a href=\"http:\/\/www.lov.li\/wp-content\/uploads\/2016\/11\/Ausschreibung-Spechttagung.pdf\">Spechttagung 2017<\/a><\/p>\n\n\n\n<p>&nbsp;<\/p>\n","protected":false},"excerpt":{"rendered":"<p>Wer mehr \u00fcber unsere Vogelwelt wissen m\u00f6chte, kann dies mit dem Besuch eines Vogelkurses machen. Der Folder, den sie durch anklicken \u00f6ffnen k\u00f6nnen, gibt Auskunft \u00fcber verschiedene M\u00f6glichkeiten der ornithologischen Weiterbildung:&nbsp;Vogelkurse 2017 Die Fachgruppe &#8222;Spechte&#8220; der Deutschen Ornithologen-Gesellschaft f\u00fchrt vom 31. M\u00e4rz bis 2. April 2017 eine Fachtagung durch, wobei die Vortr\u00e4ge in Hohenems stattfinden, &hellip; <\/p>\n<p class=\"link-more\"><a href=\"https:\/\/www.lov.li\/?p=3344\" class=\"more-link\"><span class=\"screen-reader-text\">\u201eVogelkurse und Spechttagung\u201c <\/span>weiterlesen<\/a><\/p>\n","protected":false},"author":1,"featured_media":0,"comment_status":"closed","ping_status":"open","sticky":false,"template":"","format":"standard","meta":{"_uag_custom_page_level_css":"","footnotes":""},"categories":[14],"tags":[],"class_list":["post-3344","post","type-post","status-publish","format-standard","hentry","category-archivierte-beitraege-nvs"],"uagb_featured_image_src":{"full":false,"thumbnail":false,"medium":false,"medium_large":false,"large":false,"1536x1536":false,"2048x2048":false,"twentyseventeen-featured-image":false,"twentyseventeen-thumbnail-avatar":false},"uagb_author_info":{"display_name":"admin","author_link":"https:\/\/www.lov.li\/?author=1"},"uagb_comment_info":0,"uagb_excerpt":"Wer mehr \u00fcber unsere Vogelwelt wissen m\u00f6chte, kann dies mit dem Besuch eines Vogelkurses machen. Der Folder, den sie durch anklicken \u00f6ffnen k\u00f6nnen, gibt Auskunft \u00fcber verschiedene M\u00f6glichkeiten der ornithologischen Weiterbildung:&nbsp;Vogelkurse 2017 Die Fachgruppe &#8222;Spechte&#8220; der Deutschen Ornithologen-Gesellschaft f\u00fchrt vom 31. M\u00e4rz bis 2. April 2017 eine Fachtagung durch, wobei die Vortr\u00e4ge in Hohenems stattfinden,&hellip;","_links":{"self":[{"href":"https:\/\/www.lov.li\/index.php?rest_route=\/wp\/v2\/posts\/3344","targetHints":{"allow":["GET"]}}],"collection":[{"href":"https:\/\/www.lov.li\/index.php?rest_route=\/wp\/v2\/posts"}],"about":[{"href":"https:\/\/www.lov.li\/index.php?rest_route=\/wp\/v2\/types\/post"}],"author":[{"embeddable":true,"href":"https:\/\/www.lov.li\/index.php?rest_route=\/wp\/v2\/users\/1"}],"replies":[{"embeddable":true,"href":"https:\/\/www.lov.li\/index.php?rest_route=%2Fwp%2Fv2%2Fcomments&post=3344"}],"version-history":[{"count":6,"href":"https:\/\/www.lov.li\/index.php?rest_route=\/wp\/v2\/posts\/3344\/revisions"}],"predecessor-version":[{"id":6678,"href":"https:\/\/www.lov.li\/index.php?rest_route=\/wp\/v2\/posts\/3344\/revisions\/6678"}],"wp:attachment":[{"href":"https:\/\/www.lov.li\/index.php?rest_route=%2Fwp%2Fv2%2Fmedia&parent=3344"}],"wp:term":[{"taxonomy":"category","embeddable":true,"href":"https:\/\/www.lov.li\/index.php?rest_route=%2Fwp%2Fv2%2Fcategories&post=3344"},{"taxonomy":"post_tag","embeddable":true,"href":"https:\/\/www.lov.li\/index.php?rest_route=%2Fwp%2Fv2%2Ftags&post=3344"}],"curies":[{"name":"wp","href":"https:\/\/api.w.org\/{rel}","templated":true}]}}