{"id":3278,"date":"2016-09-20T09:07:56","date_gmt":"2016-09-20T08:07:56","guid":{"rendered":"http:\/\/www.lov.li\/?p=3278"},"modified":"2026-01-16T21:05:02","modified_gmt":"2026-01-16T20:05:02","slug":"generationenprojekt-des-ov-balzers","status":"publish","type":"post","link":"https:\/\/www.lov.li\/?p=3278","title":{"rendered":"Generationenprojekt des OV Balzers"},"content":{"rendered":"<div class=\"wp-block-image\">\n<figure class=\"alignleft\"><a href=\"http:\/\/www.lov.li\/wp-content\/uploads\/2016\/09\/GenerationenprojektBalzers-72WEB-1.jpg\"><img loading=\"lazy\" decoding=\"async\" width=\"510\" height=\"340\" src=\"http:\/\/www.lov.li\/wp-content\/uploads\/2016\/09\/GenerationenprojektBalzers-72WEB-1.jpg\" alt=\"Mit viele Eifer waren alle Teilnehmenden am Werk.\" class=\"wp-image-3281\" srcset=\"https:\/\/www.lov.li\/wp-content\/uploads\/2016\/09\/GenerationenprojektBalzers-72WEB-1.jpg 510w, https:\/\/www.lov.li\/wp-content\/uploads\/2016\/09\/GenerationenprojektBalzers-72WEB-1-300x200.jpg 300w\" sizes=\"auto, (max-width: 510px) 100vw, 510px\" \/><\/a><figcaption class=\"wp-element-caption\">Mit viele Eifer waren alle Teilnehmenden am Werk.<\/figcaption><\/figure>\n<\/div>\n\n\n<p><span style=\"font-family: times new roman,times,serif; font-size: 12pt;\"><span style=\"margin: 0px;\">Das erste Generationenprojekt des OV Balzers brachte den Teilnehmenden viel Freude und ein bleibendes Andenken: (Gross-) Eltern mit (Enkel-) Kindern hatten<\/span><span style=\"margin: 0px;\">die M\u00f6glichkeit, an drei Samstagen im September den Werkraum der Gemeinde zu nutzen und aus vorfabrizierten Teilen Nist- und Futterk\u00e4sten f\u00fcr V\u00f6gel&nbsp;sowie Insektenhotels zusammenzubauen.<br>Herzlichen Dank allen Verantwortlichen und Beteiligten f\u00fcr dieses sinnvolle Angebot.<\/span><\/span><\/p>\n","protected":false},"excerpt":{"rendered":"<p>Das erste Generationenprojekt des OV Balzers brachte den Teilnehmenden viel Freude und ein bleibendes Andenken: (Gross-) Eltern mit (Enkel-) Kindern hattendie M\u00f6glichkeit, an drei Samstagen im September den Werkraum der Gemeinde zu nutzen und aus vorfabrizierten Teilen Nist- und Futterk\u00e4sten f\u00fcr V\u00f6gel&nbsp;sowie Insektenhotels zusammenzubauen.Herzlichen Dank allen Verantwortlichen und Beteiligten f\u00fcr dieses sinnvolle Angebot.<\/p>\n","protected":false},"author":1,"featured_media":0,"comment_status":"closed","ping_status":"open","sticky":false,"template":"","format":"standard","meta":{"_uag_custom_page_level_css":"","footnotes":""},"categories":[14],"tags":[],"class_list":["post-3278","post","type-post","status-publish","format-standard","hentry","category-archivierte-beitraege-nvs"],"uagb_featured_image_src":{"full":false,"thumbnail":false,"medium":false,"medium_large":false,"large":false,"1536x1536":false,"2048x2048":false,"twentyseventeen-featured-image":false,"twentyseventeen-thumbnail-avatar":false},"uagb_author_info":{"display_name":"admin","author_link":"https:\/\/www.lov.li\/?author=1"},"uagb_comment_info":0,"uagb_excerpt":"Das erste Generationenprojekt des OV Balzers brachte den Teilnehmenden viel Freude und ein bleibendes Andenken: (Gross-) Eltern mit (Enkel-) Kindern hattendie M\u00f6glichkeit, an drei Samstagen im September den Werkraum der Gemeinde zu nutzen und aus vorfabrizierten Teilen Nist- und Futterk\u00e4sten f\u00fcr V\u00f6gel&nbsp;sowie Insektenhotels zusammenzubauen.Herzlichen Dank allen Verantwortlichen und Beteiligten f\u00fcr dieses sinnvolle Angebot.","_links":{"self":[{"href":"https:\/\/www.lov.li\/index.php?rest_route=\/wp\/v2\/posts\/3278","targetHints":{"allow":["GET"]}}],"collection":[{"href":"https:\/\/www.lov.li\/index.php?rest_route=\/wp\/v2\/posts"}],"about":[{"href":"https:\/\/www.lov.li\/index.php?rest_route=\/wp\/v2\/types\/post"}],"author":[{"embeddable":true,"href":"https:\/\/www.lov.li\/index.php?rest_route=\/wp\/v2\/users\/1"}],"replies":[{"embeddable":true,"href":"https:\/\/www.lov.li\/index.php?rest_route=%2Fwp%2Fv2%2Fcomments&post=3278"}],"version-history":[{"count":3,"href":"https:\/\/www.lov.li\/index.php?rest_route=\/wp\/v2\/posts\/3278\/revisions"}],"predecessor-version":[{"id":6674,"href":"https:\/\/www.lov.li\/index.php?rest_route=\/wp\/v2\/posts\/3278\/revisions\/6674"}],"wp:attachment":[{"href":"https:\/\/www.lov.li\/index.php?rest_route=%2Fwp%2Fv2%2Fmedia&parent=3278"}],"wp:term":[{"taxonomy":"category","embeddable":true,"href":"https:\/\/www.lov.li\/index.php?rest_route=%2Fwp%2Fv2%2Fcategories&post=3278"},{"taxonomy":"post_tag","embeddable":true,"href":"https:\/\/www.lov.li\/index.php?rest_route=%2Fwp%2Fv2%2Ftags&post=3278"}],"curies":[{"name":"wp","href":"https:\/\/api.w.org\/{rel}","templated":true}]}}