{"id":3260,"date":"2016-09-15T20:16:33","date_gmt":"2016-09-15T19:16:33","guid":{"rendered":"http:\/\/www.lov.li\/?p=3260"},"modified":"2026-01-16T21:04:26","modified_gmt":"2026-01-16T20:04:26","slug":"jugendfotowettbewerb-2016-des-lov-2","status":"publish","type":"post","link":"https:\/\/www.lov.li\/?p=3260","title":{"rendered":"Jugendfotowettbewerb 2016 des LOV"},"content":{"rendered":"<div class=\"wp-block-image\">\n<figure class=\"alignleft\"><a href=\"http:\/\/www.lov.li\/wp-content\/uploads\/2016\/09\/Jugendfotowettbewerb2016-Preisverteilung-Web72.jpg\"><img loading=\"lazy\" decoding=\"async\" width=\"721\" height=\"729\" src=\"http:\/\/www.lov.li\/wp-content\/uploads\/2016\/09\/Jugendfotowettbewerb2016-Preisverteilung-Web72.jpg\" alt=\"jugendfotowettbewerb2016-preisverteilung-web72\" class=\"wp-image-3255\" srcset=\"https:\/\/www.lov.li\/wp-content\/uploads\/2016\/09\/Jugendfotowettbewerb2016-Preisverteilung-Web72.jpg 721w, https:\/\/www.lov.li\/wp-content\/uploads\/2016\/09\/Jugendfotowettbewerb2016-Preisverteilung-Web72-297x300.jpg 297w\" sizes=\"auto, (max-width: 721px) 100vw, 721px\" \/><\/a><figcaption class=\"wp-element-caption\">Strahlende Gesichter bei der Preisverteilung zum LOV-Jugendfotowettbewerb, vom 15. September 2016, im Caf\u00e9 Amann, Vaduz. Die Sieger: Von links: Julian Konrad, 2. Rang, Salome Lanz, 1. Rang, Dominik Konrad, 3. Rang. (Es fehlen Nicolas Vogt und Melanie Beck, die ebenfalls im dritten Rang klassiert waren)<\/figcaption><\/figure>\n<\/div>\n\n\n<p><span lang=\"DE-LI\" style=\"font-family: times new roman,times,serif; font-size: 12pt;\"><span style=\"color: #000000;\">Von Mai bis Mitte August 2016 konnten Kinder und Jugendliche ab Jahrgang 1998 und j\u00fcnger am Jugendfotowettbewerb des Liecht. Ornithologischen Landesverbands zum Thema \u201eNatursch\u00f6nheiten Liechtensteins\u201c teilnehmen.<\/span><\/span><\/p>\n\n\n\n<!--more-->\n\n\n\n<p><span style=\"font-family: times new roman,times,serif; font-size: 12pt;\">Vom klaren Nachthimmel \u00fcber den Bergspitzen mit Blick auf die Milchstrasse bis zu Blumen, Pilzen, Schmetterlingen, V\u00f6geln und Spinnen war vieles vertreten, was die Natursch\u00f6nheit unseres Landes ausmacht. Die kompetente Fachjury mit Dennis Lorenz, Daniel Erni und Rainer K\u00fchnes, alle drei begnadete und erfolgreiche Naturfotografen, hat es sich nicht leichtgemacht, die Gewinner zu ermitteln. Massgebend f\u00fcr die Wahl des Siegerfotos von Salome Lanz aus Planken, mit dem Schwalbenschwanz-Schmetterling war, dass es ein gelungener Schnappschuss ist, der die Dynamik des Augenblicks der Aufnahme sehr gut wiedergibt. Den zweiten Rang belegte der herrliche Nachthimmel in unserer Alpenwelt von Julian Konrad, Schaan. Den dritten Rang teilten sich die drei Teilnehmer Nicolas Vogt, Balzers (Roter Mohn), Leonie Beck, Mauren (Schnecke) und Dominik Konrad, Schaan (Fuchs). Da der LOV alle als Sieger sah, wurde beschlossen, allen Teilnehmern bei der Preisverteilung vom 15. September im Caf\u00e9 Amann, Vaduz, nebst der Pr\u00e4mie f\u00fcr die Sieger, einen sch\u00f6nen Trostpreis zu vergeben.<\/span><\/p>\n\n\n\n<p><span style=\"font-family: times new roman,times,serif; font-size: 12pt;\">Die Siegerfotos:<br><\/span><\/p>\n\n\n\n<figure class=\"wp-block-gallery has-nested-images columns-2 is-cropped wp-block-gallery-1 is-layout-flex wp-block-gallery-is-layout-flex\">\n<figure class=\"wp-block-image size-large\"><img loading=\"lazy\" decoding=\"async\" width=\"822\" height=\"547\" data-id=\"3271\" src=\"https:\/\/www.lov.li\/wp-content\/uploads\/2016\/09\/SalomeLanz-72WEB.jpg\" alt=\"\" class=\"wp-image-3271\" srcset=\"https:\/\/www.lov.li\/wp-content\/uploads\/2016\/09\/SalomeLanz-72WEB.jpg 822w, https:\/\/www.lov.li\/wp-content\/uploads\/2016\/09\/SalomeLanz-72WEB-300x200.jpg 300w, https:\/\/www.lov.li\/wp-content\/uploads\/2016\/09\/SalomeLanz-72WEB-768x511.jpg 768w\" sizes=\"auto, (max-width: 767px) 89vw, (max-width: 1000px) 54vw, (max-width: 1071px) 543px, 580px\" \/><\/figure>\n\n\n\n<figure class=\"wp-block-image size-large\"><img loading=\"lazy\" decoding=\"async\" width=\"822\" height=\"553\" data-id=\"3268\" src=\"https:\/\/www.lov.li\/wp-content\/uploads\/2016\/09\/JulianKonrad-72WEB.jpg\" alt=\"\" class=\"wp-image-3268\" srcset=\"https:\/\/www.lov.li\/wp-content\/uploads\/2016\/09\/JulianKonrad-72WEB.jpg 822w, https:\/\/www.lov.li\/wp-content\/uploads\/2016\/09\/JulianKonrad-72WEB-300x202.jpg 300w, https:\/\/www.lov.li\/wp-content\/uploads\/2016\/09\/JulianKonrad-72WEB-768x517.jpg 768w\" sizes=\"auto, (max-width: 767px) 89vw, (max-width: 1000px) 54vw, (max-width: 1071px) 543px, 580px\" \/><\/figure>\n\n\n\n<figure class=\"wp-block-image size-large\"><img loading=\"lazy\" decoding=\"async\" width=\"822\" height=\"553\" data-id=\"3267\" src=\"https:\/\/www.lov.li\/wp-content\/uploads\/2016\/09\/DominikKonrad-72WEB.jpg\" alt=\"\" class=\"wp-image-3267\" srcset=\"https:\/\/www.lov.li\/wp-content\/uploads\/2016\/09\/DominikKonrad-72WEB.jpg 822w, https:\/\/www.lov.li\/wp-content\/uploads\/2016\/09\/DominikKonrad-72WEB-300x202.jpg 300w, https:\/\/www.lov.li\/wp-content\/uploads\/2016\/09\/DominikKonrad-72WEB-768x517.jpg 768w\" sizes=\"auto, (max-width: 767px) 89vw, (max-width: 1000px) 54vw, (max-width: 1071px) 543px, 580px\" \/><\/figure>\n\n\n\n<figure class=\"wp-block-image size-large\"><img loading=\"lazy\" decoding=\"async\" width=\"822\" height=\"554\" data-id=\"3269\" src=\"https:\/\/www.lov.li\/wp-content\/uploads\/2016\/09\/LeonieBeck-72Web.jpg\" alt=\"\" class=\"wp-image-3269\" srcset=\"https:\/\/www.lov.li\/wp-content\/uploads\/2016\/09\/LeonieBeck-72Web.jpg 822w, https:\/\/www.lov.li\/wp-content\/uploads\/2016\/09\/LeonieBeck-72Web-300x202.jpg 300w, https:\/\/www.lov.li\/wp-content\/uploads\/2016\/09\/LeonieBeck-72Web-768x518.jpg 768w\" sizes=\"auto, (max-width: 767px) 89vw, (max-width: 1000px) 54vw, (max-width: 1071px) 543px, 580px\" \/><\/figure>\n\n\n\n<figure class=\"wp-block-image size-large\"><img loading=\"lazy\" decoding=\"async\" width=\"617\" height=\"822\" data-id=\"3275\" src=\"https:\/\/www.lov.li\/wp-content\/uploads\/2016\/09\/NIcolasVogt-72WEB.jpg\" alt=\"\" class=\"wp-image-3275\" srcset=\"https:\/\/www.lov.li\/wp-content\/uploads\/2016\/09\/NIcolasVogt-72WEB.jpg 617w, https:\/\/www.lov.li\/wp-content\/uploads\/2016\/09\/NIcolasVogt-72WEB-225x300.jpg 225w\" sizes=\"auto, (max-width: 617px) 100vw, 617px\" \/><\/figure>\n<\/figure>\n\n\n\n<p><span style=\"font-family: times new roman,times,serif; font-size: 12pt;\">&nbsp;<\/span><\/p>\n\n\n\n<!--more-->\n","protected":false},"excerpt":{"rendered":"<p>Von Mai bis Mitte August 2016 konnten Kinder und Jugendliche ab Jahrgang 1998 und j\u00fcnger am Jugendfotowettbewerb des Liecht. Ornithologischen Landesverbands zum Thema \u201eNatursch\u00f6nheiten Liechtensteins\u201c teilnehmen.<\/p>\n","protected":false},"author":1,"featured_media":0,"comment_status":"closed","ping_status":"open","sticky":false,"template":"","format":"standard","meta":{"_uag_custom_page_level_css":"","footnotes":""},"categories":[14],"tags":[],"class_list":["post-3260","post","type-post","status-publish","format-standard","hentry","category-archivierte-beitraege-nvs"],"uagb_featured_image_src":{"full":false,"thumbnail":false,"medium":false,"medium_large":false,"large":false,"1536x1536":false,"2048x2048":false,"twentyseventeen-featured-image":false,"twentyseventeen-thumbnail-avatar":false},"uagb_author_info":{"display_name":"admin","author_link":"https:\/\/www.lov.li\/?author=1"},"uagb_comment_info":0,"uagb_excerpt":"Von Mai bis Mitte August 2016 konnten Kinder und Jugendliche ab Jahrgang 1998 und j\u00fcnger am Jugendfotowettbewerb des Liecht. Ornithologischen Landesverbands zum Thema \u201eNatursch\u00f6nheiten Liechtensteins\u201c teilnehmen.","_links":{"self":[{"href":"https:\/\/www.lov.li\/index.php?rest_route=\/wp\/v2\/posts\/3260","targetHints":{"allow":["GET"]}}],"collection":[{"href":"https:\/\/www.lov.li\/index.php?rest_route=\/wp\/v2\/posts"}],"about":[{"href":"https:\/\/www.lov.li\/index.php?rest_route=\/wp\/v2\/types\/post"}],"author":[{"embeddable":true,"href":"https:\/\/www.lov.li\/index.php?rest_route=\/wp\/v2\/users\/1"}],"replies":[{"embeddable":true,"href":"https:\/\/www.lov.li\/index.php?rest_route=%2Fwp%2Fv2%2Fcomments&post=3260"}],"version-history":[{"count":9,"href":"https:\/\/www.lov.li\/index.php?rest_route=\/wp\/v2\/posts\/3260\/revisions"}],"predecessor-version":[{"id":6673,"href":"https:\/\/www.lov.li\/index.php?rest_route=\/wp\/v2\/posts\/3260\/revisions\/6673"}],"wp:attachment":[{"href":"https:\/\/www.lov.li\/index.php?rest_route=%2Fwp%2Fv2%2Fmedia&parent=3260"}],"wp:term":[{"taxonomy":"category","embeddable":true,"href":"https:\/\/www.lov.li\/index.php?rest_route=%2Fwp%2Fv2%2Fcategories&post=3260"},{"taxonomy":"post_tag","embeddable":true,"href":"https:\/\/www.lov.li\/index.php?rest_route=%2Fwp%2Fv2%2Ftags&post=3260"}],"curies":[{"name":"wp","href":"https:\/\/api.w.org\/{rel}","templated":true}]}}