{"id":3163,"date":"2016-04-30T15:37:57","date_gmt":"2016-04-30T14:37:57","guid":{"rendered":"http:\/\/www.lov.li\/?p=3163"},"modified":"2026-01-16T19:55:09","modified_gmt":"2026-01-16T18:55:09","slug":"ornithologische-landesexkursion-am-1-mai-2016-in-balzers","status":"publish","type":"post","link":"https:\/\/www.lov.li\/?p=3163","title":{"rendered":"Ornithologische Landesexkursion am 1. Mai 2016 in Balzers"},"content":{"rendered":"<div class=\"wp-block-image\">\n<figure class=\"alignleft\"><a href=\"http:\/\/www.lov.li\/wp-content\/uploads\/2016\/04\/Wachholderdrossel-Balzers-BB-2-Bearbeitet.jpg\"><img loading=\"lazy\" decoding=\"async\" width=\"235\" height=\"300\" src=\"http:\/\/www.lov.li\/wp-content\/uploads\/2016\/04\/Wachholderdrossel-Balzers-BB-2-Bearbeitet-235x300.jpg\" alt=\"Wachholderdrossel, Balzers\" class=\"wp-image-3162\" srcset=\"https:\/\/www.lov.li\/wp-content\/uploads\/2016\/04\/Wachholderdrossel-Balzers-BB-2-Bearbeitet-235x300.jpg 235w, https:\/\/www.lov.li\/wp-content\/uploads\/2016\/04\/Wachholderdrossel-Balzers-BB-2-Bearbeitet.jpg 382w\" sizes=\"auto, (max-width: 235px) 100vw, 235px\" \/><\/a><figcaption class=\"wp-element-caption\">Wachholderdrossel, Balzers<\/figcaption><\/figure>\n<\/div>\n\n\n<p><span style=\"color: #000000; font-family: helvetica,arial,sans-serif; font-size: 12pt;\">Wir treffen uns, dem Wetter entsprechend bekleidet und mit Feldstecher und guter Laune ausger\u00fcstet,<span style=\"color: #ff0000;\"><br>am Sonntag, 1. Mai, 06.00 Uhr beim Roxy, Balzers.<\/span><\/span><br><span style=\"color: #000000; font-family: helvetica,arial,sans-serif; font-size: 12pt;\"> Nach rund 2-st\u00fcndigen Touren in verschiedenen Gruppen auf diversen Routen lassen wir den Anlass bei einem gemeinsamen Fr\u00fchst\u00fcck in der &#8222;S\u00e4\u00e4ga&#8220; ausklingen.<\/span><\/p>\n\n\n\n<p><span style=\"color: #000000; font-family: helvetica,arial,sans-serif; font-size: 12pt;\">Wir freuen uns auf einen zahlreichen Besuch.<\/span><br><span style=\"color: #000000; font-family: helvetica,arial,sans-serif; font-size: 12pt;\"> OV Balzers und LOV<\/span><\/p>\n\n\n\n<p>&nbsp;<\/p>\n","protected":false},"excerpt":{"rendered":"<p>Wir treffen uns, dem Wetter entsprechend bekleidet und mit Feldstecher und guter Laune ausger\u00fcstet,am Sonntag, 1. Mai, 06.00 Uhr beim Roxy, Balzers. Nach rund 2-st\u00fcndigen Touren in verschiedenen Gruppen auf diversen Routen lassen wir den Anlass bei einem gemeinsamen Fr\u00fchst\u00fcck in der &#8222;S\u00e4\u00e4ga&#8220; ausklingen. Wir freuen uns auf einen zahlreichen Besuch. OV Balzers und LOV &hellip; <\/p>\n<p class=\"link-more\"><a href=\"https:\/\/www.lov.li\/?p=3163\" class=\"more-link\"><span class=\"screen-reader-text\">\u201eOrnithologische Landesexkursion am 1. Mai 2016 in Balzers\u201c <\/span>weiterlesen<\/a><\/p>\n","protected":false},"author":1,"featured_media":0,"comment_status":"closed","ping_status":"open","sticky":false,"template":"","format":"standard","meta":{"_uag_custom_page_level_css":"","footnotes":""},"categories":[14],"tags":[],"class_list":["post-3163","post","type-post","status-publish","format-standard","hentry","category-archivierte-beitraege-nvs"],"uagb_featured_image_src":{"full":false,"thumbnail":false,"medium":false,"medium_large":false,"large":false,"1536x1536":false,"2048x2048":false,"twentyseventeen-featured-image":false,"twentyseventeen-thumbnail-avatar":false},"uagb_author_info":{"display_name":"admin","author_link":"https:\/\/www.lov.li\/?author=1"},"uagb_comment_info":0,"uagb_excerpt":"Wir treffen uns, dem Wetter entsprechend bekleidet und mit Feldstecher und guter Laune ausger\u00fcstet,am Sonntag, 1. Mai, 06.00 Uhr beim Roxy, Balzers. Nach rund 2-st\u00fcndigen Touren in verschiedenen Gruppen auf diversen Routen lassen wir den Anlass bei einem gemeinsamen Fr\u00fchst\u00fcck in der &#8222;S\u00e4\u00e4ga&#8220; ausklingen. Wir freuen uns auf einen zahlreichen Besuch. OV Balzers und LOV&hellip;","_links":{"self":[{"href":"https:\/\/www.lov.li\/index.php?rest_route=\/wp\/v2\/posts\/3163","targetHints":{"allow":["GET"]}}],"collection":[{"href":"https:\/\/www.lov.li\/index.php?rest_route=\/wp\/v2\/posts"}],"about":[{"href":"https:\/\/www.lov.li\/index.php?rest_route=\/wp\/v2\/types\/post"}],"author":[{"embeddable":true,"href":"https:\/\/www.lov.li\/index.php?rest_route=\/wp\/v2\/users\/1"}],"replies":[{"embeddable":true,"href":"https:\/\/www.lov.li\/index.php?rest_route=%2Fwp%2Fv2%2Fcomments&post=3163"}],"version-history":[{"count":5,"href":"https:\/\/www.lov.li\/index.php?rest_route=\/wp\/v2\/posts\/3163\/revisions"}],"predecessor-version":[{"id":6664,"href":"https:\/\/www.lov.li\/index.php?rest_route=\/wp\/v2\/posts\/3163\/revisions\/6664"}],"wp:attachment":[{"href":"https:\/\/www.lov.li\/index.php?rest_route=%2Fwp%2Fv2%2Fmedia&parent=3163"}],"wp:term":[{"taxonomy":"category","embeddable":true,"href":"https:\/\/www.lov.li\/index.php?rest_route=%2Fwp%2Fv2%2Fcategories&post=3163"},{"taxonomy":"post_tag","embeddable":true,"href":"https:\/\/www.lov.li\/index.php?rest_route=%2Fwp%2Fv2%2Ftags&post=3163"}],"curies":[{"name":"wp","href":"https:\/\/api.w.org\/{rel}","templated":true}]}}