{"id":3137,"date":"2016-04-19T17:08:53","date_gmt":"2016-04-19T16:08:53","guid":{"rendered":"http:\/\/www.lov.li\/?p=3137"},"modified":"2026-01-16T19:54:34","modified_gmt":"2026-01-16T18:54:34","slug":"rene-steiner-wird-neues-ehrenmitglied-des-ov-vaduz","status":"publish","type":"post","link":"https:\/\/www.lov.li\/?p=3137","title":{"rendered":"Ren\u00e9 Steiner wird neues Ehrenmitglied des OV Vaduz"},"content":{"rendered":"<div class=\"wp-block-image\">\n<figure class=\"alignleft\"><a href=\"http:\/\/www.lov.li\/wp-content\/uploads\/2016\/04\/Ren\u00e9Steiner-72web.jpg\" rel=\"attachment wp-att-3138\"><img loading=\"lazy\" decoding=\"async\" width=\"288\" height=\"432\" src=\"http:\/\/www.lov.li\/wp-content\/uploads\/2016\/04\/Ren\u00e9Steiner-72web.jpg\" alt=\"Ren\u00e9 Steiner, neues Ehrenmitglied des OV Vaduz\" class=\"wp-image-3138\" srcset=\"https:\/\/www.lov.li\/wp-content\/uploads\/2016\/04\/Ren\u00e9Steiner-72web.jpg 288w, https:\/\/www.lov.li\/wp-content\/uploads\/2016\/04\/Ren\u00e9Steiner-72web-200x300.jpg 200w\" sizes=\"auto, (max-width: 288px) 100vw, 288px\" \/><\/a><figcaption class=\"wp-element-caption\">Ren\u00e9 Steiner, neues Ehrenmitglied des OV Vaduz<\/figcaption><\/figure>\n<\/div>\n\n\n<p>Ren\u00e9 Steiner wurde&nbsp;&nbsp;an der Hauptversammlung des OV Vaduz zum Ehrenmitglied ernannt. Die Ehrung erfolgte aufgrund seiner langj\u00e4hrigen Vereinstreue und insbesondere auch f\u00fcr seine grossen Verdienste als Obmann der Abteilung Natur- und Vogelschutz.<\/p>\n\n\n\n<p>Auch der LOV gratuliert Ren\u00e9 herzlich zu dieser Ehrung und dankt ihm f\u00fcr seinen vorbildlichen Einsatz.<\/p>\n","protected":false},"excerpt":{"rendered":"<p>Ren\u00e9 Steiner wurde&nbsp;&nbsp;an der Hauptversammlung des OV Vaduz zum Ehrenmitglied ernannt. Die Ehrung erfolgte aufgrund seiner langj\u00e4hrigen Vereinstreue und insbesondere auch f\u00fcr seine grossen Verdienste als Obmann der Abteilung Natur- und Vogelschutz. Auch der LOV gratuliert Ren\u00e9 herzlich zu dieser Ehrung und dankt ihm f\u00fcr seinen vorbildlichen Einsatz.<\/p>\n","protected":false},"author":1,"featured_media":0,"comment_status":"closed","ping_status":"open","sticky":false,"template":"","format":"standard","meta":{"_uag_custom_page_level_css":"","footnotes":""},"categories":[14],"tags":[],"class_list":["post-3137","post","type-post","status-publish","format-standard","hentry","category-archivierte-beitraege-nvs"],"uagb_featured_image_src":{"full":false,"thumbnail":false,"medium":false,"medium_large":false,"large":false,"1536x1536":false,"2048x2048":false,"twentyseventeen-featured-image":false,"twentyseventeen-thumbnail-avatar":false},"uagb_author_info":{"display_name":"admin","author_link":"https:\/\/www.lov.li\/?author=1"},"uagb_comment_info":0,"uagb_excerpt":"Ren\u00e9 Steiner wurde&nbsp;&nbsp;an der Hauptversammlung des OV Vaduz zum Ehrenmitglied ernannt. Die Ehrung erfolgte aufgrund seiner langj\u00e4hrigen Vereinstreue und insbesondere auch f\u00fcr seine grossen Verdienste als Obmann der Abteilung Natur- und Vogelschutz. Auch der LOV gratuliert Ren\u00e9 herzlich zu dieser Ehrung und dankt ihm f\u00fcr seinen vorbildlichen Einsatz.","_links":{"self":[{"href":"https:\/\/www.lov.li\/index.php?rest_route=\/wp\/v2\/posts\/3137","targetHints":{"allow":["GET"]}}],"collection":[{"href":"https:\/\/www.lov.li\/index.php?rest_route=\/wp\/v2\/posts"}],"about":[{"href":"https:\/\/www.lov.li\/index.php?rest_route=\/wp\/v2\/types\/post"}],"author":[{"embeddable":true,"href":"https:\/\/www.lov.li\/index.php?rest_route=\/wp\/v2\/users\/1"}],"replies":[{"embeddable":true,"href":"https:\/\/www.lov.li\/index.php?rest_route=%2Fwp%2Fv2%2Fcomments&post=3137"}],"version-history":[{"count":2,"href":"https:\/\/www.lov.li\/index.php?rest_route=\/wp\/v2\/posts\/3137\/revisions"}],"predecessor-version":[{"id":6662,"href":"https:\/\/www.lov.li\/index.php?rest_route=\/wp\/v2\/posts\/3137\/revisions\/6662"}],"wp:attachment":[{"href":"https:\/\/www.lov.li\/index.php?rest_route=%2Fwp%2Fv2%2Fmedia&parent=3137"}],"wp:term":[{"taxonomy":"category","embeddable":true,"href":"https:\/\/www.lov.li\/index.php?rest_route=%2Fwp%2Fv2%2Fcategories&post=3137"},{"taxonomy":"post_tag","embeddable":true,"href":"https:\/\/www.lov.li\/index.php?rest_route=%2Fwp%2Fv2%2Ftags&post=3137"}],"curies":[{"name":"wp","href":"https:\/\/api.w.org\/{rel}","templated":true}]}}