{"id":3090,"date":"2016-03-30T15:57:39","date_gmt":"2016-03-30T14:57:39","guid":{"rendered":"http:\/\/www.lov.li\/?p=3090"},"modified":"2026-01-16T22:22:03","modified_gmt":"2026-01-16T21:22:03","slug":"lernen-sie-die-voegel-in-ihrem-garten-kennen","status":"publish","type":"post","link":"https:\/\/www.lov.li\/?p=3090","title":{"rendered":"Lernen Sie die V\u00f6gel in Ihrem Garten kennen!"},"content":{"rendered":"<div class=\"wp-block-image\">\n<figure class=\"alignleft\"><a href=\"http:\/\/www.lov.li\/wp-content\/uploads\/2016\/03\/Sperlinge-web-72.jpg\" rel=\"attachment wp-att-3091\"><img loading=\"lazy\" decoding=\"async\" width=\"300\" height=\"238\" src=\"http:\/\/www.lov.li\/wp-content\/uploads\/2016\/03\/Sperlinge-web-72-300x238.jpg\" alt=\"Feld- oder Haussperlinge? Nach dem Kurs kennen Sie den Unterschied!\" class=\"wp-image-3091\" srcset=\"https:\/\/www.lov.li\/wp-content\/uploads\/2016\/03\/Sperlinge-web-72-300x238.jpg 300w, https:\/\/www.lov.li\/wp-content\/uploads\/2016\/03\/Sperlinge-web-72.jpg 520w\" sizes=\"auto, (max-width: 300px) 100vw, 300px\" \/><\/a><figcaption class=\"wp-element-caption\">Feld- oder Haussperlinge?<br>Nach dem Kurs kennen Sie den Unterschied!<\/figcaption><\/figure>\n<\/div>\n\n\n<h3 class=\"wp-block-heading\"><span style=\"color: #339966; font-family: arial,helvetica,sans-serif;\"><strong><em>Einladung zum Kurs<\/em><\/strong> <strong><em>\u201eStunde der Gartenv\u00f6gel\u201c<\/em><\/strong><\/span><\/h3>\n\n\n\n<p><span style=\"font-family: arial,helvetica,sans-serif;\">V\u00f6gel sind die auff\u00e4lligsten Tiere in unserer Umgebung. Mit farbenpr\u00e4chtigen Federkleidern und abwechslungsreichem Gesang erregen sie t\u00e4glich unsere Aufmerksamkeit. Fragen Sie sich auch ab und zu, welche V\u00f6gel in Ihrem Garten herumh\u00fcpfen und am Morgen beim Aufwachen singen? Im Kurs \u201eStunde der Gartenv\u00f6gel\u201c bekommen Sie Antworten!<\/span><wp-block data-block=\"core\/more\"><\/wp-block><\/p>\n\n\n\n<p><span style=\"font-family: arial,helvetica,sans-serif;\">Am Donnerstag den 21. April &nbsp;und am Donnerstag den 3. Mai 2016 f\u00fchrt der Liechtensteinische Ornithologische Landesverband einen Kurzkurs \u00fcber die V\u00f6gel im Siedlungsraum f\u00fcr alle Interessierten durch. \u201eDer Kurs ist ideal, um sich mit der Vogelwelt im eigenen Garten vertraut zu machen und kann auch ohne Vorkenntnisse besucht werden\u201c, erkl\u00e4rt Kursleiter G\u00fcnther Batliner. \u201eDie Teilnehmenden lernen die h\u00e4ufigsten Vogelarten im Siedlungsraum kennen und erfahren gleichzeitig, mit welchen einfachen Massnahmen sie etwas f\u00fcr die Natur in ihrer direkten Umgebung tun k\u00f6nnen.\u201c<\/span><\/p>\n\n\n\n<p><span style=\"font-family: arial,helvetica,sans-serif;\">Das an den beiden Theorieabenden erarbeitete Wissen wird w\u00e4hrend den beiden Exkursionen jeweils an den Samstagen den 23. April und 7. Mai 2016 im Siedlungsraum Schaan in die Praxis umgesetzt. Die Anl\u00e4sse werden von erfahrenen Feldornithologen begleitet<\/span><\/p>\n\n\n\n<p><span style=\"font-family: arial,helvetica,sans-serif;\">Das Ziel des Kurses ist es, die Teilnehmenden auf die Aktion \u201eStunde der Gartenv\u00f6gel\u201c des SVS\/BirdLife Schweiz am 6. bis 8. Mai vorzubereiten. Ausserdem werden die Freude an der Vogelwelt und eine aktivere Wahrnehmung der Natur gef\u00f6rdert. Nach Kursabschluss sind die Teilnehmenden in der Lage, die h\u00e4ufigsten V\u00f6gel im Siedlungsraum anhand des Aussehens und teilweise der Stimme zu erkennen. Ihre Spazierg\u00e4nge werden in Zukunft doppelt so spannend!<\/span><\/p>\n\n\n\n<p><span style=\"font-family: arial,helvetica,sans-serif;\">Interessierte treffen sich, ohne Voranmeldung, am Donnerstag <span style=\"color: #339966;\">den<\/span> 21. April 2016 um 19.00 Uhr beim Haupteingang zum Gemeinschaftszentrum Resch in Schaan. <\/span><\/p>\n\n\n\n<p><strong><span style=\"color: #339966; font-family: arial,helvetica,sans-serif;\"><span lang=\"DE\">Weitere Informationen: G\u00fcnther Batliner, Wiesengasse 9, Schaan, Mail: <\/span><a style=\"color: #339966;\" href=\"http:\/\/boeda@adon.li\" target=\"_blank\" rel=\"noopener\"><span lang=\"DE\">boeda@adon.li&nbsp;<\/span><\/a><\/span><\/strong><\/p>\n","protected":false},"excerpt":{"rendered":"<p>Einladung zum Kurs \u201eStunde der Gartenv\u00f6gel\u201c V\u00f6gel sind die auff\u00e4lligsten Tiere in unserer Umgebung. Mit farbenpr\u00e4chtigen Federkleidern und abwechslungsreichem Gesang erregen sie t\u00e4glich unsere Aufmerksamkeit. Fragen Sie sich auch ab und zu, welche V\u00f6gel in Ihrem Garten herumh\u00fcpfen und am Morgen beim Aufwachen singen? Im Kurs \u201eStunde der Gartenv\u00f6gel\u201c bekommen Sie Antworten! Am Donnerstag den &hellip; <\/p>\n<p class=\"link-more\"><a href=\"https:\/\/www.lov.li\/?p=3090\" class=\"more-link\"><span class=\"screen-reader-text\">\u201eLernen Sie die V\u00f6gel in Ihrem Garten kennen!\u201c <\/span>weiterlesen<\/a><\/p>\n","protected":false},"author":1,"featured_media":0,"comment_status":"closed","ping_status":"open","sticky":false,"template":"","format":"standard","meta":{"_uag_custom_page_level_css":"","footnotes":""},"categories":[14],"tags":[],"class_list":["post-3090","post","type-post","status-publish","format-standard","hentry","category-archivierte-beitraege-nvs"],"uagb_featured_image_src":{"full":false,"thumbnail":false,"medium":false,"medium_large":false,"large":false,"1536x1536":false,"2048x2048":false,"twentyseventeen-featured-image":false,"twentyseventeen-thumbnail-avatar":false},"uagb_author_info":{"display_name":"admin","author_link":"https:\/\/www.lov.li\/?author=1"},"uagb_comment_info":0,"uagb_excerpt":"Einladung zum Kurs \u201eStunde der Gartenv\u00f6gel\u201c V\u00f6gel sind die auff\u00e4lligsten Tiere in unserer Umgebung. Mit farbenpr\u00e4chtigen Federkleidern und abwechslungsreichem Gesang erregen sie t\u00e4glich unsere Aufmerksamkeit. Fragen Sie sich auch ab und zu, welche V\u00f6gel in Ihrem Garten herumh\u00fcpfen und am Morgen beim Aufwachen singen? Im Kurs \u201eStunde der Gartenv\u00f6gel\u201c bekommen Sie Antworten! Am Donnerstag den&hellip;","_links":{"self":[{"href":"https:\/\/www.lov.li\/index.php?rest_route=\/wp\/v2\/posts\/3090","targetHints":{"allow":["GET"]}}],"collection":[{"href":"https:\/\/www.lov.li\/index.php?rest_route=\/wp\/v2\/posts"}],"about":[{"href":"https:\/\/www.lov.li\/index.php?rest_route=\/wp\/v2\/types\/post"}],"author":[{"embeddable":true,"href":"https:\/\/www.lov.li\/index.php?rest_route=\/wp\/v2\/users\/1"}],"replies":[{"embeddable":true,"href":"https:\/\/www.lov.li\/index.php?rest_route=%2Fwp%2Fv2%2Fcomments&post=3090"}],"version-history":[{"count":5,"href":"https:\/\/www.lov.li\/index.php?rest_route=\/wp\/v2\/posts\/3090\/revisions"}],"predecessor-version":[{"id":6659,"href":"https:\/\/www.lov.li\/index.php?rest_route=\/wp\/v2\/posts\/3090\/revisions\/6659"}],"wp:attachment":[{"href":"https:\/\/www.lov.li\/index.php?rest_route=%2Fwp%2Fv2%2Fmedia&parent=3090"}],"wp:term":[{"taxonomy":"category","embeddable":true,"href":"https:\/\/www.lov.li\/index.php?rest_route=%2Fwp%2Fv2%2Fcategories&post=3090"},{"taxonomy":"post_tag","embeddable":true,"href":"https:\/\/www.lov.li\/index.php?rest_route=%2Fwp%2Fv2%2Ftags&post=3090"}],"curies":[{"name":"wp","href":"https:\/\/api.w.org\/{rel}","templated":true}]}}