{"id":3045,"date":"2016-03-07T19:37:55","date_gmt":"2016-03-07T18:37:55","guid":{"rendered":"http:\/\/www.lov.li\/?p=3045"},"modified":"2026-01-16T19:53:06","modified_gmt":"2026-01-16T18:53:06","slug":"ehrung-verdienter-mitglieder-des-ov-balzers","status":"publish","type":"post","link":"https:\/\/www.lov.li\/?p=3045","title":{"rendered":"Ehrung verdienter Mitglieder des OV Balzers"},"content":{"rendered":"<div class=\"wp-block-image\">\n<figure class=\"alignleft\"><a href=\"http:\/\/www.lov.li\/wp-content\/uploads\/2016\/03\/Jubilaren-OVB-2016.jpg\" rel=\"attachment wp-att-3046\"><img loading=\"lazy\" decoding=\"async\" width=\"550\" height=\"375\" src=\"http:\/\/www.lov.li\/wp-content\/uploads\/2016\/03\/Jubilaren-OVB-2016.jpg\" alt=\"Ehrungen beim OV Balzers, v.l.: David Frick 25 Jahre, Ehrenmitglied, Fidel Foser und Franz Wolfinger (50 Jahre) und Hansruedi Gm\u00fcr (40 Jahre) \" class=\"wp-image-3046\" srcset=\"https:\/\/www.lov.li\/wp-content\/uploads\/2016\/03\/Jubilaren-OVB-2016.jpg 550w, https:\/\/www.lov.li\/wp-content\/uploads\/2016\/03\/Jubilaren-OVB-2016-300x205.jpg 300w\" sizes=\"auto, (max-width: 550px) 100vw, 550px\" \/><\/a><figcaption class=\"wp-element-caption\">Ehrungen beim OV Balzers, v.l.: David Frick, Fidel Foser, Franz Wolfinger und Hansruedi Gm\u00fcr<\/figcaption><\/figure>\n<\/div>\n\n\n<p>Anl\u00e4sslich der 62. Jahres-Hauptversammlung des OV Balzers konnte&nbsp;Pr\u00e4sident Manfred B\u00fcchel&nbsp;verdiente Jubilare f\u00fcr ihre langj\u00e4hrige Treue zum Verein ehren.<br><strong>25 Jahre:<\/strong> (W\u00fcrdigung mit&nbsp;der Ehrenmitgliedschaft: David Frick und Robert Frick<br><strong>4o Jahre:<\/strong> Hansruedi Gm\u00fcr und Herbert Wille<br><strong>50 Jahre:<\/strong> Fidel Foser, Franz Wolfinger und Martin B\u00fcrzle<\/p>\n\n\n\n<p>&nbsp;<\/p>\n","protected":false},"excerpt":{"rendered":"<p>Anl\u00e4sslich der 62. Jahres-Hauptversammlung des OV Balzers konnte&nbsp;Pr\u00e4sident Manfred B\u00fcchel&nbsp;verdiente Jubilare f\u00fcr ihre langj\u00e4hrige Treue zum Verein ehren.25 Jahre: (W\u00fcrdigung mit&nbsp;der Ehrenmitgliedschaft: David Frick und Robert Frick4o Jahre: Hansruedi Gm\u00fcr und Herbert Wille50 Jahre: Fidel Foser, Franz Wolfinger und Martin B\u00fcrzle &nbsp;<\/p>\n","protected":false},"author":1,"featured_media":0,"comment_status":"closed","ping_status":"open","sticky":false,"template":"","format":"standard","meta":{"_uag_custom_page_level_css":"","footnotes":""},"categories":[14],"tags":[],"class_list":["post-3045","post","type-post","status-publish","format-standard","hentry","category-archivierte-beitraege-nvs"],"uagb_featured_image_src":{"full":false,"thumbnail":false,"medium":false,"medium_large":false,"large":false,"1536x1536":false,"2048x2048":false,"twentyseventeen-featured-image":false,"twentyseventeen-thumbnail-avatar":false},"uagb_author_info":{"display_name":"admin","author_link":"https:\/\/www.lov.li\/?author=1"},"uagb_comment_info":0,"uagb_excerpt":"Anl\u00e4sslich der 62. Jahres-Hauptversammlung des OV Balzers konnte&nbsp;Pr\u00e4sident Manfred B\u00fcchel&nbsp;verdiente Jubilare f\u00fcr ihre langj\u00e4hrige Treue zum Verein ehren.25 Jahre: (W\u00fcrdigung mit&nbsp;der Ehrenmitgliedschaft: David Frick und Robert Frick4o Jahre: Hansruedi Gm\u00fcr und Herbert Wille50 Jahre: Fidel Foser, Franz Wolfinger und Martin B\u00fcrzle &nbsp;","_links":{"self":[{"href":"https:\/\/www.lov.li\/index.php?rest_route=\/wp\/v2\/posts\/3045","targetHints":{"allow":["GET"]}}],"collection":[{"href":"https:\/\/www.lov.li\/index.php?rest_route=\/wp\/v2\/posts"}],"about":[{"href":"https:\/\/www.lov.li\/index.php?rest_route=\/wp\/v2\/types\/post"}],"author":[{"embeddable":true,"href":"https:\/\/www.lov.li\/index.php?rest_route=\/wp\/v2\/users\/1"}],"replies":[{"embeddable":true,"href":"https:\/\/www.lov.li\/index.php?rest_route=%2Fwp%2Fv2%2Fcomments&post=3045"}],"version-history":[{"count":3,"href":"https:\/\/www.lov.li\/index.php?rest_route=\/wp\/v2\/posts\/3045\/revisions"}],"predecessor-version":[{"id":6658,"href":"https:\/\/www.lov.li\/index.php?rest_route=\/wp\/v2\/posts\/3045\/revisions\/6658"}],"wp:attachment":[{"href":"https:\/\/www.lov.li\/index.php?rest_route=%2Fwp%2Fv2%2Fmedia&parent=3045"}],"wp:term":[{"taxonomy":"category","embeddable":true,"href":"https:\/\/www.lov.li\/index.php?rest_route=%2Fwp%2Fv2%2Fcategories&post=3045"},{"taxonomy":"post_tag","embeddable":true,"href":"https:\/\/www.lov.li\/index.php?rest_route=%2Fwp%2Fv2%2Ftags&post=3045"}],"curies":[{"name":"wp","href":"https:\/\/api.w.org\/{rel}","templated":true}]}}