{"id":2816,"date":"2015-09-26T09:38:57","date_gmt":"2015-09-26T08:38:57","guid":{"rendered":"http:\/\/www.lov.li\/?p=2816"},"modified":"2019-02-14T20:45:37","modified_gmt":"2019-02-14T19:45:37","slug":"erfolgreicher-einfuehrung-in-den-kaninchenstandard-15","status":"publish","type":"post","link":"https:\/\/www.lov.li\/?p=2816","title":{"rendered":"Erfolgreicher Einf\u00fchrung in den Kaninchenstandard 15"},"content":{"rendered":"<figure id=\"attachment_2817\" aria-describedby=\"caption-attachment-2817\" style=\"width: 550px\" class=\"wp-caption alignleft\"><a href=\"http:\/\/www.lov.li\/wp-content\/uploads\/2015\/09\/Hasen-Rassenlehrkurs15-0065-Bearbeitet.jpg\"><img loading=\"lazy\" decoding=\"async\" class=\"wp-image-2817\" src=\"http:\/\/www.lov.li\/wp-content\/uploads\/2015\/09\/Hasen-Rassenlehrkurs15-0065-Bearbeitet-1024x515.jpg\" alt=\"Urban Hamann erkl\u00e4rte vor vollem R\u00f6ssle-Saal in Schaan den neuen Standard 2015\" width=\"550\" height=\"276\" srcset=\"https:\/\/www.lov.li\/wp-content\/uploads\/2015\/09\/Hasen-Rassenlehrkurs15-0065-Bearbeitet-1024x515.jpg 1024w, https:\/\/www.lov.li\/wp-content\/uploads\/2015\/09\/Hasen-Rassenlehrkurs15-0065-Bearbeitet-300x151.jpg 300w, https:\/\/www.lov.li\/wp-content\/uploads\/2015\/09\/Hasen-Rassenlehrkurs15-0065-Bearbeitet.jpg 1146w\" sizes=\"auto, (max-width: 550px) 100vw, 550px\" \/><\/a><figcaption id=\"caption-attachment-2817\" class=\"wp-caption-text\">Urban Hamann erkl\u00e4rte vor vollem R\u00f6ssle-Saal in Schaan den neuen Standard 2015<\/figcaption><\/figure>\n<p>Der LOV lud am Freitag, 25. September 2015 zu einem Rassenlehrkurs ins Gasthaus R\u00f6ssle Schaan. Referent war der bekannte Kaninchen-Experte Urban Hamann aus dem Baselbiet,\u00a0welcher einmal mehr bewies, dass er\u00a0als Mitglied der fachtechnischen Kommission sehr pr\u00e4destiniert ist, in den neuen &#8222;Standard 15&#8220; einzuf\u00fchren.<\/p>\n<p>&nbsp;<\/p>\n<p><!--more-->Er verstand es auch\u00a0vortrefflich, die Zusammenh\u00e4nge und Hintergr\u00fcnde zu dieser grossen Revision plausibel zu erkl\u00e4ren.\u00a0F\u00fcr die\u00a0Organisation des Anlasses waren die LOV-Vorstandsmitglieder Christian Oehri und Martin Amann verantwortlich.\u00a0Herzlichen Dank allen Beteiligten.<\/p>\n<h5><span style=\"color: #339966;\">Bildimpressionen<\/span><\/h5>\n<p>&nbsp;<\/p>\n<div id='gallery-1' class='gallery galleryid-2816 gallery-columns-3 gallery-size-thumbnail'><figure class='gallery-item'>\n\t\t\t<div class='gallery-icon landscape'>\n\t\t\t\t<a href='https:\/\/www.lov.li\/wp-content\/uploads\/2015\/09\/Felicie-September15-0055-Bearbeitet.jpg'><img loading=\"lazy\" decoding=\"async\" width=\"150\" height=\"150\" src=\"https:\/\/www.lov.li\/wp-content\/uploads\/2015\/09\/Felicie-September15-0055-Bearbeitet-150x150.jpg\" class=\"attachment-thumbnail size-thumbnail\" alt=\"\" sizes=\"auto, 100vw\" \/><\/a>\n\t\t\t<\/div><\/figure><figure class='gallery-item'>\n\t\t\t<div class='gallery-icon landscape'>\n\t\t\t\t<a href='https:\/\/www.lov.li\/wp-content\/uploads\/2015\/09\/Hasen-Rassenlehrkurs15-0071-Bearbeitet.jpg'><img loading=\"lazy\" decoding=\"async\" width=\"150\" height=\"150\" src=\"https:\/\/www.lov.li\/wp-content\/uploads\/2015\/09\/Hasen-Rassenlehrkurs15-0071-Bearbeitet-150x150.jpg\" class=\"attachment-thumbnail size-thumbnail\" alt=\"\" sizes=\"auto, 100vw\" \/><\/a>\n\t\t\t<\/div><\/figure><figure class='gallery-item'>\n\t\t\t<div class='gallery-icon landscape'>\n\t\t\t\t<a href='https:\/\/www.lov.li\/wp-content\/uploads\/2015\/09\/Hasen-Rassenlehrkurs15-0074-Bearbeitet.jpg'><img loading=\"lazy\" decoding=\"async\" width=\"150\" height=\"150\" src=\"https:\/\/www.lov.li\/wp-content\/uploads\/2015\/09\/Hasen-Rassenlehrkurs15-0074-Bearbeitet-150x150.jpg\" class=\"attachment-thumbnail size-thumbnail\" alt=\"\" sizes=\"auto, 100vw\" \/><\/a>\n\t\t\t<\/div><\/figure><figure class='gallery-item'>\n\t\t\t<div class='gallery-icon landscape'>\n\t\t\t\t<a href='https:\/\/www.lov.li\/wp-content\/uploads\/2015\/09\/Hasen-Rassenlehrkurs15-0073-Bearbeitet.jpg'><img loading=\"lazy\" decoding=\"async\" width=\"150\" height=\"150\" src=\"https:\/\/www.lov.li\/wp-content\/uploads\/2015\/09\/Hasen-Rassenlehrkurs15-0073-Bearbeitet-150x150.jpg\" class=\"attachment-thumbnail size-thumbnail\" alt=\"\" sizes=\"auto, 100vw\" \/><\/a>\n\t\t\t<\/div><\/figure><figure class='gallery-item'>\n\t\t\t<div class='gallery-icon landscape'>\n\t\t\t\t<a href='https:\/\/www.lov.li\/wp-content\/uploads\/2015\/09\/Hasen-Rassenlehrkurs15-0072-Bearbeitet.jpg'><img loading=\"lazy\" decoding=\"async\" width=\"150\" height=\"150\" src=\"https:\/\/www.lov.li\/wp-content\/uploads\/2015\/09\/Hasen-Rassenlehrkurs15-0072-Bearbeitet-150x150.jpg\" class=\"attachment-thumbnail size-thumbnail\" alt=\"\" sizes=\"auto, 100vw\" \/><\/a>\n\t\t\t<\/div><\/figure><figure class='gallery-item'>\n\t\t\t<div class='gallery-icon landscape'>\n\t\t\t\t<a href='https:\/\/www.lov.li\/wp-content\/uploads\/2015\/09\/Hasen-Rassenlehrkurs15-0080-Bearbeitet.jpg'><img loading=\"lazy\" decoding=\"async\" width=\"150\" height=\"150\" src=\"https:\/\/www.lov.li\/wp-content\/uploads\/2015\/09\/Hasen-Rassenlehrkurs15-0080-Bearbeitet-150x150.jpg\" class=\"attachment-thumbnail size-thumbnail\" alt=\"\" sizes=\"auto, 100vw\" \/><\/a>\n\t\t\t<\/div><\/figure>\n\t\t<\/div>\n\n<p>&nbsp;<\/p>\n<p>&nbsp;<\/p>\n","protected":false},"excerpt":{"rendered":"<p>Der LOV lud am Freitag, 25. September 2015 zu einem Rassenlehrkurs ins Gasthaus R\u00f6ssle Schaan. Referent war der bekannte Kaninchen-Experte Urban Hamann aus dem Baselbiet,\u00a0welcher einmal mehr bewies, dass er\u00a0als Mitglied der fachtechnischen Kommission sehr pr\u00e4destiniert ist, in den neuen &#8222;Standard 15&#8220; einzuf\u00fchren. &nbsp;<\/p>\n","protected":false},"author":1,"featured_media":0,"comment_status":"closed","ping_status":"open","sticky":false,"template":"","format":"standard","meta":{"_uag_custom_page_level_css":"","footnotes":""},"categories":[9],"tags":[],"class_list":["post-2816","post","type-post","status-publish","format-standard","hentry","category-archvierte-beitraege-kleintiere"],"uagb_featured_image_src":{"full":false,"thumbnail":false,"medium":false,"medium_large":false,"large":false,"1536x1536":false,"2048x2048":false,"twentyseventeen-featured-image":false,"twentyseventeen-thumbnail-avatar":false},"uagb_author_info":{"display_name":"admin","author_link":"https:\/\/www.lov.li\/?author=1"},"uagb_comment_info":0,"uagb_excerpt":"Der LOV lud am Freitag, 25. September 2015 zu einem Rassenlehrkurs ins Gasthaus R\u00f6ssle Schaan. Referent war der bekannte Kaninchen-Experte Urban Hamann aus dem Baselbiet,\u00a0welcher einmal mehr bewies, dass er\u00a0als Mitglied der fachtechnischen Kommission sehr pr\u00e4destiniert ist, in den neuen &#8222;Standard 15&#8220; einzuf\u00fchren. &nbsp;","_links":{"self":[{"href":"https:\/\/www.lov.li\/index.php?rest_route=\/wp\/v2\/posts\/2816","targetHints":{"allow":["GET"]}}],"collection":[{"href":"https:\/\/www.lov.li\/index.php?rest_route=\/wp\/v2\/posts"}],"about":[{"href":"https:\/\/www.lov.li\/index.php?rest_route=\/wp\/v2\/types\/post"}],"author":[{"embeddable":true,"href":"https:\/\/www.lov.li\/index.php?rest_route=\/wp\/v2\/users\/1"}],"replies":[{"embeddable":true,"href":"https:\/\/www.lov.li\/index.php?rest_route=%2Fwp%2Fv2%2Fcomments&post=2816"}],"version-history":[{"count":12,"href":"https:\/\/www.lov.li\/index.php?rest_route=\/wp\/v2\/posts\/2816\/revisions"}],"predecessor-version":[{"id":2836,"href":"https:\/\/www.lov.li\/index.php?rest_route=\/wp\/v2\/posts\/2816\/revisions\/2836"}],"wp:attachment":[{"href":"https:\/\/www.lov.li\/index.php?rest_route=%2Fwp%2Fv2%2Fmedia&parent=2816"}],"wp:term":[{"taxonomy":"category","embeddable":true,"href":"https:\/\/www.lov.li\/index.php?rest_route=%2Fwp%2Fv2%2Fcategories&post=2816"},{"taxonomy":"post_tag","embeddable":true,"href":"https:\/\/www.lov.li\/index.php?rest_route=%2Fwp%2Fv2%2Ftags&post=2816"}],"curies":[{"name":"wp","href":"https:\/\/api.w.org\/{rel}","templated":true}]}}