{"id":2563,"date":"2015-03-13T15:48:10","date_gmt":"2015-03-13T14:48:10","guid":{"rendered":"http:\/\/www.lov.li\/?p=2563"},"modified":"2019-02-14T20:53:01","modified_gmt":"2019-02-14T19:53:01","slug":"kaninchen-den-primarschuelern-naeher-gebracht","status":"publish","type":"post","link":"https:\/\/www.lov.li\/?p=2563","title":{"rendered":"Kaninchen den Primarsch\u00fclern n\u00e4her gebracht"},"content":{"rendered":"<figure id=\"attachment_2564\" aria-describedby=\"caption-attachment-2564\" style=\"width: 550px\" class=\"wp-caption alignleft\"><a href=\"http:\/\/www.lov.li\/wp-content\/uploads\/2015\/03\/OV-Schulprojekt-15.jpg\"><img loading=\"lazy\" decoding=\"async\" class=\"wp-image-2564\" src=\"http:\/\/www.lov.li\/wp-content\/uploads\/2015\/03\/OV-Schulprojekt-15.jpg\" alt=\"v.l.Julian, Jakob, Jenin, Laura, Gizem und Mara begeisterten sich f\u00fcr die Kaninchen, die ihnen Marion Vogt-Wolfinger n\u00e4her brachte\" width=\"550\" height=\"341\" srcset=\"https:\/\/www.lov.li\/wp-content\/uploads\/2015\/03\/OV-Schulprojekt-15.jpg 887w, https:\/\/www.lov.li\/wp-content\/uploads\/2015\/03\/OV-Schulprojekt-15-300x186.jpg 300w\" sizes=\"auto, (max-width: 550px) 100vw, 550px\" \/><\/a><figcaption id=\"caption-attachment-2564\" class=\"wp-caption-text\">v.l.Julian, Jakob, Jenin, Laura, Gizem und Mara begeisterten sich f\u00fcr die Kaninchen, die ihnen Marion Vogt-Wolfinger n\u00e4her brachte<\/figcaption><\/figure>\n<p>&nbsp;<\/p>\n<p>Im Rahmen der Balzner Primarschul-Projektwoche leitete Marion Vogt-Wolfinger, Vizepr\u00e4sidentin des OV Balzers, im Vereinslokal \u201eir alta Schual\u201c das Projekt \u201eKaninchen und was wir dar\u00fcber wissen sollten\u201c.<!--more--><\/p>\n<p>Marion stellte zuerst den OV Balzers auf spielerische Art vor und zeigte auf, wie vielseitig diese Freizeitbesch\u00e4ftigung ist. Nebst den Kaninchen geh\u00f6ren auch Gefl\u00fcgel, Tauben und Zierv\u00f6gel dazu, aber auch der Natur- und Vogelschutz wird aktiv gepflegt.<\/p>\n<p>Erstaunlich, dass f\u00fcnf von sechs Sch\u00fclern bereits Erfahrungen mit eigenen \u201eHasen\u201c sammeln konnten. Umso lebhafter wurde es dann bei den Fragen, was die Kaninchen essen und trinken, wie sie gepflegt werden, wieviel Platz sie ben\u00f6tigen und was wir besonders beachten m\u00fcssen. Grosse Augen gab es, als verschiedene Typen von Kaninchen auf den Tisch kamen, vom kleinen Hermelin bis zum \u00fcber 7 kg schweren Belgischen Riesen. Auch Scheckenkaninchen waren dabei, sogar eine Hasenmama mit drei Jungen. Nat\u00fcrlich durfte auch ein \u201eLampiohr\u201c nicht fehlen. War das ein Streicheln und Halten, die Kinder genossen offensichtlich diese Projekt sehr und zeigten sich hell begeistert, sicher auch vom &#8222;H\u00e4sle&#8220;, das sie mit nach Hause nehmen durften, es war aus Schoki&#8230;<\/p>\n<p>Herzlichen Dank an Marion Vogt-Wolfinger f\u00fcr die Vorbereitung und die absolut tolle Durchf\u00fchrung dieses Anlasses!<\/p>\n","protected":false},"excerpt":{"rendered":"<p>&nbsp; Im Rahmen der Balzner Primarschul-Projektwoche leitete Marion Vogt-Wolfinger, Vizepr\u00e4sidentin des OV Balzers, im Vereinslokal \u201eir alta Schual\u201c das Projekt \u201eKaninchen und was wir dar\u00fcber wissen sollten\u201c.<\/p>\n","protected":false},"author":1,"featured_media":0,"comment_status":"closed","ping_status":"open","sticky":false,"template":"","format":"standard","meta":{"_uag_custom_page_level_css":"","footnotes":""},"categories":[9],"tags":[],"class_list":["post-2563","post","type-post","status-publish","format-standard","hentry","category-archvierte-beitraege-kleintiere"],"uagb_featured_image_src":{"full":false,"thumbnail":false,"medium":false,"medium_large":false,"large":false,"1536x1536":false,"2048x2048":false,"twentyseventeen-featured-image":false,"twentyseventeen-thumbnail-avatar":false},"uagb_author_info":{"display_name":"admin","author_link":"https:\/\/www.lov.li\/?author=1"},"uagb_comment_info":0,"uagb_excerpt":"&nbsp; Im Rahmen der Balzner Primarschul-Projektwoche leitete Marion Vogt-Wolfinger, Vizepr\u00e4sidentin des OV Balzers, im Vereinslokal \u201eir alta Schual\u201c das Projekt \u201eKaninchen und was wir dar\u00fcber wissen sollten\u201c.","_links":{"self":[{"href":"https:\/\/www.lov.li\/index.php?rest_route=\/wp\/v2\/posts\/2563","targetHints":{"allow":["GET"]}}],"collection":[{"href":"https:\/\/www.lov.li\/index.php?rest_route=\/wp\/v2\/posts"}],"about":[{"href":"https:\/\/www.lov.li\/index.php?rest_route=\/wp\/v2\/types\/post"}],"author":[{"embeddable":true,"href":"https:\/\/www.lov.li\/index.php?rest_route=\/wp\/v2\/users\/1"}],"replies":[{"embeddable":true,"href":"https:\/\/www.lov.li\/index.php?rest_route=%2Fwp%2Fv2%2Fcomments&post=2563"}],"version-history":[{"count":8,"href":"https:\/\/www.lov.li\/index.php?rest_route=\/wp\/v2\/posts\/2563\/revisions"}],"predecessor-version":[{"id":2572,"href":"https:\/\/www.lov.li\/index.php?rest_route=\/wp\/v2\/posts\/2563\/revisions\/2572"}],"wp:attachment":[{"href":"https:\/\/www.lov.li\/index.php?rest_route=%2Fwp%2Fv2%2Fmedia&parent=2563"}],"wp:term":[{"taxonomy":"category","embeddable":true,"href":"https:\/\/www.lov.li\/index.php?rest_route=%2Fwp%2Fv2%2Fcategories&post=2563"},{"taxonomy":"post_tag","embeddable":true,"href":"https:\/\/www.lov.li\/index.php?rest_route=%2Fwp%2Fv2%2Ftags&post=2563"}],"curies":[{"name":"wp","href":"https:\/\/api.w.org\/{rel}","templated":true}]}}