{"id":2199,"date":"2014-09-22T15:57:40","date_gmt":"2014-09-22T13:57:40","guid":{"rendered":"http:\/\/www.lov.li\/?p=2199"},"modified":"2026-01-16T19:02:50","modified_gmt":"2026-01-16T18:02:50","slug":"kurse-fuer-vogelkunde-2015","status":"publish","type":"post","link":"https:\/\/www.lov.li\/?p=2199","title":{"rendered":"Kurse f\u00fcr Vogelkunde 2015"},"content":{"rendered":"\n<p>2015 finden zwei Vogelkurse statt:<\/p>\n\n\n\n<p><strong>Einf\u00fchrungskurs Ornithologie<\/strong><\/p>\n\n\n\n<p>Kursleiter: G\u00fcnther Batliner&nbsp;<a href=\"http:\/\/www.lov.li\/wp-content\/uploads\/2014\/09\/Ausschreibung-GB.pdf\">(&#8230;)<\/a><\/p>\n\n\n\n<p><strong>Kurs f\u00fcr Feldornithologie (2015\/16)<\/strong><\/p>\n\n\n\n<p>Kursleiter: Marlies Sperandio; Georg Willi&nbsp;<a href=\"http:\/\/www.lov.li\/wp-content\/uploads\/2014\/09\/Ausschreibung-FOK_15.pdf\">(&#8230;)<\/a><\/p>\n\n\n<div class=\"wp-block-image\">\n<figure class=\"aligncenter\"><a href=\"http:\/\/www.lov.li\/wp-content\/uploads\/2014\/09\/Mornell_klein.jpg\"><img loading=\"lazy\" decoding=\"async\" width=\"300\" height=\"238\" src=\"http:\/\/www.lov.li\/wp-content\/uploads\/2014\/09\/Mornell_klein-300x238.jpg\" alt=\"Mornell_klein\" class=\"wp-image-2179\" srcset=\"https:\/\/www.lov.li\/wp-content\/uploads\/2014\/09\/Mornell_klein-300x238.jpg 300w, https:\/\/www.lov.li\/wp-content\/uploads\/2014\/09\/Mornell_klein-1024x814.jpg 1024w\" sizes=\"auto, (max-width: 300px) 100vw, 300px\" \/><\/a><\/figure>\n<\/div>\n\n\n<p><\/p>\n","protected":false},"excerpt":{"rendered":"<p>2015 finden zwei Vogelkurse statt: Einf\u00fchrungskurs Ornithologie Kursleiter: G\u00fcnther Batliner&nbsp;(&#8230;) Kurs f\u00fcr Feldornithologie (2015\/16) Kursleiter: Marlies Sperandio; Georg Willi&nbsp;(&#8230;)<\/p>\n","protected":false},"author":1,"featured_media":0,"comment_status":"closed","ping_status":"open","sticky":false,"template":"","format":"standard","meta":{"_uag_custom_page_level_css":"","footnotes":""},"categories":[14],"tags":[],"class_list":["post-2199","post","type-post","status-publish","format-standard","hentry","category-archivierte-beitraege-nvs"],"uagb_featured_image_src":{"full":false,"thumbnail":false,"medium":false,"medium_large":false,"large":false,"1536x1536":false,"2048x2048":false,"twentyseventeen-featured-image":false,"twentyseventeen-thumbnail-avatar":false},"uagb_author_info":{"display_name":"admin","author_link":"https:\/\/www.lov.li\/?author=1"},"uagb_comment_info":0,"uagb_excerpt":"2015 finden zwei Vogelkurse statt: Einf\u00fchrungskurs Ornithologie Kursleiter: G\u00fcnther Batliner&nbsp;(&#8230;) Kurs f\u00fcr Feldornithologie (2015\/16) Kursleiter: Marlies Sperandio; Georg Willi&nbsp;(&#8230;)","_links":{"self":[{"href":"https:\/\/www.lov.li\/index.php?rest_route=\/wp\/v2\/posts\/2199","targetHints":{"allow":["GET"]}}],"collection":[{"href":"https:\/\/www.lov.li\/index.php?rest_route=\/wp\/v2\/posts"}],"about":[{"href":"https:\/\/www.lov.li\/index.php?rest_route=\/wp\/v2\/types\/post"}],"author":[{"embeddable":true,"href":"https:\/\/www.lov.li\/index.php?rest_route=\/wp\/v2\/users\/1"}],"replies":[{"embeddable":true,"href":"https:\/\/www.lov.li\/index.php?rest_route=%2Fwp%2Fv2%2Fcomments&post=2199"}],"version-history":[{"count":4,"href":"https:\/\/www.lov.li\/index.php?rest_route=\/wp\/v2\/posts\/2199\/revisions"}],"predecessor-version":[{"id":6613,"href":"https:\/\/www.lov.li\/index.php?rest_route=\/wp\/v2\/posts\/2199\/revisions\/6613"}],"wp:attachment":[{"href":"https:\/\/www.lov.li\/index.php?rest_route=%2Fwp%2Fv2%2Fmedia&parent=2199"}],"wp:term":[{"taxonomy":"category","embeddable":true,"href":"https:\/\/www.lov.li\/index.php?rest_route=%2Fwp%2Fv2%2Fcategories&post=2199"},{"taxonomy":"post_tag","embeddable":true,"href":"https:\/\/www.lov.li\/index.php?rest_route=%2Fwp%2Fv2%2Ftags&post=2199"}],"curies":[{"name":"wp","href":"https:\/\/api.w.org\/{rel}","templated":true}]}}