{"id":2146,"date":"2014-08-26T10:23:56","date_gmt":"2014-08-26T09:23:56","guid":{"rendered":"http:\/\/www.lov.li\/?p=2146"},"modified":"2019-02-19T21:48:42","modified_gmt":"2019-02-19T20:48:42","slug":"storchen-ballett-am-maurer-himmel","status":"publish","type":"post","link":"https:\/\/www.lov.li\/?p=2146","title":{"rendered":"Storchen-Ballett am Maurer Himmel"},"content":{"rendered":"<figure id=\"attachment_2151\" aria-describedby=\"caption-attachment-2151\" style=\"width: 491px\" class=\"wp-caption alignleft\"><a href=\"http:\/\/www.lov.li\/wp-content\/uploads\/2014\/08\/Storchenballett-Mauren-0814.jpg\"><img loading=\"lazy\" decoding=\"async\" class=\"wp-image-2151  \" src=\"http:\/\/www.lov.li\/wp-content\/uploads\/2014\/08\/Storchenballett-Mauren-0814-1024x768.jpg\" alt=\"Maurer Storchenballett\" width=\"491\" height=\"369\" \/><\/a><figcaption id=\"caption-attachment-2151\" class=\"wp-caption-text\">Ein seltenes Naturschauspiel<\/figcaption><\/figure>\n<p>Am Donnerstag den 21. August 2014 konnte am Himmel \u00fcber dem Maurer Riet ein grandioses, f\u00fcr Liechtenstein einmaliges Schauspiel beobachtet werden. Zwischen 15.00 und 16.00 Uhr absolvierten \u00fcber 100 (!) Weissst\u00f6rche ihr Flugtraining. <!--more-->Von einer leichten Nord-S\u00fcdstr\u00f6mung getragen, erhielten sie optimale Unterst\u00fctzung bei den Gleitphasen und konnten innerhalb von wenigen Minuten im Kreisflug betr\u00e4chtlich an H\u00f6he gewinnen. Nach einem kurzen Gleitflug nach S\u00fcden kehrten sie zu den Wiesen um den Egelsee zur\u00fcck um erneut mit dem Hochschrauben zu beginnen. Ein beeindruckendes Gewimmel am Himmel, mit ihrer Spannweite von bis zu 1.7 Metern verdunkelten sie fast die Sonne.<\/p>\n<figure id=\"attachment_2155\" aria-describedby=\"caption-attachment-2155\" style=\"width: 491px\" class=\"wp-caption alignleft\"><a href=\"http:\/\/www.lov.li\/wp-content\/uploads\/2014\/08\/St\u00f6rche-Schaan-0714.jpg\"><img loading=\"lazy\" decoding=\"async\" class=\" wp-image-2155    \" src=\"http:\/\/www.lov.li\/wp-content\/uploads\/2014\/08\/St\u00f6rche-Schaan-0714-1024x714.jpg\" alt=\"Die 5 Schaaner Jungst\u00f6rche sind fl\u00fcgge\" width=\"491\" height=\"342\" srcset=\"https:\/\/www.lov.li\/wp-content\/uploads\/2014\/08\/St\u00f6rche-Schaan-0714-1024x714.jpg 1024w, https:\/\/www.lov.li\/wp-content\/uploads\/2014\/08\/St\u00f6rche-Schaan-0714-300x209.jpg 300w\" sizes=\"auto, (max-width: 491px) 100vw, 491px\" \/><\/a><figcaption id=\"caption-attachment-2155\" class=\"wp-caption-text\">Die f\u00fcnf Schaaner Jungst\u00f6rche sind fl\u00fcgge<\/figcaption><\/figure>\n<p>Lernen so die Jungst\u00f6rche das ideale Gleiten und das Ausn\u00fctzen von Thermik und anderen Luftstr\u00f6mungen? F\u00fcr ihre lange Reise bis nach S\u00fcdspanien und teilweise noch weiter bis nach Westafrika ist dieses Training sicher notwendig. Bei einer Durchschnittsgeschwindigkeit von ca. 30 km\/h legen sie auf ihrer Reise Strecken von 150 bis 350 km pro Tag zur\u00fcck. Die gesamte Zugstrecke betr\u00e4gt bis zu 10000 km, wobei die Weissst\u00f6rche vermehrt den Winter in S\u00fcdspanien und Marokko verbringen, was eine betr\u00e4chtlich k\u00fcrzere Zugstrecke bedeutet.<\/p>\n<p>Scharenweise landeten sie dann wieder, besch\u00e4ftigten sich mit der Gefiederpflege oder mit dem Absuchen der Wiesen und \u00c4cker nach Nahrung, in erster Linie Regenw\u00fcrmer und Insekten.<\/p>\n<p>Sie sind unruhig, lange wird das Schauspiel nicht mehr zu beobachten sein, denn bald heisst es: \u201eTschau Mauren, wir segeln in die Winterferien! Bis zum n\u00e4chsten Fr\u00fchling!\u201c<\/p>\n<p>Schaan, 22. Aug. 2014\/bg<\/p>\n","protected":false},"excerpt":{"rendered":"<p>Am Donnerstag den 21. August 2014 konnte am Himmel \u00fcber dem Maurer Riet ein grandioses, f\u00fcr Liechtenstein einmaliges Schauspiel beobachtet werden. Zwischen 15.00 und 16.00 Uhr absolvierten \u00fcber 100 (!) Weissst\u00f6rche ihr Flugtraining.<\/p>\n","protected":false},"author":1,"featured_media":0,"comment_status":"closed","ping_status":"open","sticky":false,"template":"","format":"standard","meta":{"_uag_custom_page_level_css":"","footnotes":""},"categories":[14],"tags":[],"class_list":["post-2146","post","type-post","status-publish","format-standard","hentry","category-archivierte-beitraege-nvs"],"uagb_featured_image_src":{"full":false,"thumbnail":false,"medium":false,"medium_large":false,"large":false,"1536x1536":false,"2048x2048":false,"twentyseventeen-featured-image":false,"twentyseventeen-thumbnail-avatar":false},"uagb_author_info":{"display_name":"admin","author_link":"https:\/\/www.lov.li\/?author=1"},"uagb_comment_info":0,"uagb_excerpt":"Am Donnerstag den 21. August 2014 konnte am Himmel \u00fcber dem Maurer Riet ein grandioses, f\u00fcr Liechtenstein einmaliges Schauspiel beobachtet werden. Zwischen 15.00 und 16.00 Uhr absolvierten \u00fcber 100 (!) Weissst\u00f6rche ihr Flugtraining.","_links":{"self":[{"href":"https:\/\/www.lov.li\/index.php?rest_route=\/wp\/v2\/posts\/2146","targetHints":{"allow":["GET"]}}],"collection":[{"href":"https:\/\/www.lov.li\/index.php?rest_route=\/wp\/v2\/posts"}],"about":[{"href":"https:\/\/www.lov.li\/index.php?rest_route=\/wp\/v2\/types\/post"}],"author":[{"embeddable":true,"href":"https:\/\/www.lov.li\/index.php?rest_route=\/wp\/v2\/users\/1"}],"replies":[{"embeddable":true,"href":"https:\/\/www.lov.li\/index.php?rest_route=%2Fwp%2Fv2%2Fcomments&post=2146"}],"version-history":[{"count":10,"href":"https:\/\/www.lov.li\/index.php?rest_route=\/wp\/v2\/posts\/2146\/revisions"}],"predecessor-version":[{"id":2315,"href":"https:\/\/www.lov.li\/index.php?rest_route=\/wp\/v2\/posts\/2146\/revisions\/2315"}],"wp:attachment":[{"href":"https:\/\/www.lov.li\/index.php?rest_route=%2Fwp%2Fv2%2Fmedia&parent=2146"}],"wp:term":[{"taxonomy":"category","embeddable":true,"href":"https:\/\/www.lov.li\/index.php?rest_route=%2Fwp%2Fv2%2Fcategories&post=2146"},{"taxonomy":"post_tag","embeddable":true,"href":"https:\/\/www.lov.li\/index.php?rest_route=%2Fwp%2Fv2%2Ftags&post=2146"}],"curies":[{"name":"wp","href":"https:\/\/api.w.org\/{rel}","templated":true}]}}