{"id":2066,"date":"2014-06-12T18:18:22","date_gmt":"2014-06-12T16:18:22","guid":{"rendered":"http:\/\/www.lov.li\/?p=2066"},"modified":"2019-02-14T21:05:39","modified_gmt":"2019-02-14T20:05:39","slug":"kleintiertreffen-in-hermis-kleintieranlage","status":"publish","type":"post","link":"https:\/\/www.lov.li\/?p=2066","title":{"rendered":"Gem\u00fctlichkeit in Hermi&#8217;s Kleintieranlage"},"content":{"rendered":"<p><a href=\"http:\/\/www.lov.li\/wp-content\/uploads\/2013\/05\/IMG_5718_bearbeitet-1.jpg\"><img loading=\"lazy\" decoding=\"async\" title=\"IMG_5718_bearbeitet-1\" src=\"http:\/\/www.lov.li\/wp-content\/uploads\/2013\/05\/IMG_5718_bearbeitet-1-1024x768.jpg\" alt=\"\" width=\"491\" height=\"369\" \/><\/a><\/p>\n<p>Unser Gefl\u00fcgel-Obmann, Hermi Eggler, organisiert auch in diesem Jahr in seinem G\u00fcetli in Igis ein Kleintiertreffen mit Gefl\u00fcgel, Kaninchen, Tauben und Wachteln. F\u00fcr Speis und Trank ist gesorgt.<\/p>\n<p>Alle Kleintierfreunde sind herzlich eingeladen.<\/p>\n<p><a href=\"http:\/\/www.lov.li\/wp-content\/uploads\/2014\/06\/Kleintiertreffen-Plakat-A4-2014_hermi.pdf\">Kleintiertreffen Plakat A4 2014_hermi<\/a><\/p>\n<p><a href=\"http:\/\/www.lov.li\/wp-content\/uploads\/2014\/06\/Anfahrt-A4-Hermi.pdf\">Anfahrt A4-Hermi<\/a><\/p>\n","protected":false},"excerpt":{"rendered":"<p>Unser Gefl\u00fcgel-Obmann, Hermi Eggler, organisiert auch in diesem Jahr in seinem G\u00fcetli in Igis ein Kleintiertreffen mit Gefl\u00fcgel, Kaninchen, Tauben und Wachteln. F\u00fcr Speis und Trank ist gesorgt. Alle Kleintierfreunde sind herzlich eingeladen. Kleintiertreffen Plakat A4 2014_hermi Anfahrt A4-Hermi<\/p>\n","protected":false},"author":1,"featured_media":0,"comment_status":"closed","ping_status":"open","sticky":false,"template":"","format":"standard","meta":{"_uag_custom_page_level_css":"","footnotes":""},"categories":[9],"tags":[],"class_list":["post-2066","post","type-post","status-publish","format-standard","hentry","category-archvierte-beitraege-kleintiere"],"uagb_featured_image_src":{"full":false,"thumbnail":false,"medium":false,"medium_large":false,"large":false,"1536x1536":false,"2048x2048":false,"twentyseventeen-featured-image":false,"twentyseventeen-thumbnail-avatar":false},"uagb_author_info":{"display_name":"admin","author_link":"https:\/\/www.lov.li\/?author=1"},"uagb_comment_info":0,"uagb_excerpt":"Unser Gefl\u00fcgel-Obmann, Hermi Eggler, organisiert auch in diesem Jahr in seinem G\u00fcetli in Igis ein Kleintiertreffen mit Gefl\u00fcgel, Kaninchen, Tauben und Wachteln. F\u00fcr Speis und Trank ist gesorgt. Alle Kleintierfreunde sind herzlich eingeladen. Kleintiertreffen Plakat A4 2014_hermi Anfahrt A4-Hermi","_links":{"self":[{"href":"https:\/\/www.lov.li\/index.php?rest_route=\/wp\/v2\/posts\/2066","targetHints":{"allow":["GET"]}}],"collection":[{"href":"https:\/\/www.lov.li\/index.php?rest_route=\/wp\/v2\/posts"}],"about":[{"href":"https:\/\/www.lov.li\/index.php?rest_route=\/wp\/v2\/types\/post"}],"author":[{"embeddable":true,"href":"https:\/\/www.lov.li\/index.php?rest_route=\/wp\/v2\/users\/1"}],"replies":[{"embeddable":true,"href":"https:\/\/www.lov.li\/index.php?rest_route=%2Fwp%2Fv2%2Fcomments&post=2066"}],"version-history":[{"count":6,"href":"https:\/\/www.lov.li\/index.php?rest_route=\/wp\/v2\/posts\/2066\/revisions"}],"predecessor-version":[{"id":4151,"href":"https:\/\/www.lov.li\/index.php?rest_route=\/wp\/v2\/posts\/2066\/revisions\/4151"}],"wp:attachment":[{"href":"https:\/\/www.lov.li\/index.php?rest_route=%2Fwp%2Fv2%2Fmedia&parent=2066"}],"wp:term":[{"taxonomy":"category","embeddable":true,"href":"https:\/\/www.lov.li\/index.php?rest_route=%2Fwp%2Fv2%2Fcategories&post=2066"},{"taxonomy":"post_tag","embeddable":true,"href":"https:\/\/www.lov.li\/index.php?rest_route=%2Fwp%2Fv2%2Ftags&post=2066"}],"curies":[{"name":"wp","href":"https:\/\/api.w.org\/{rel}","templated":true}]}}