{"id":2030,"date":"2014-06-04T18:44:31","date_gmt":"2014-06-04T17:44:31","guid":{"rendered":"http:\/\/www.lov.li\/?p=2030"},"modified":"2019-02-19T21:50:25","modified_gmt":"2019-02-19T20:50:25","slug":"pfingstmontag-landesexkursion-in-ruggell","status":"publish","type":"post","link":"https:\/\/www.lov.li\/?p=2030","title":{"rendered":"Pfingstmontag: Landesexkursion in Ruggell"},"content":{"rendered":"<figure id=\"attachment_2042\" aria-describedby=\"caption-attachment-2042\" style=\"width: 461px\" class=\"wp-caption aligncenter\"><a href=\"http:\/\/www.lov.li\/wp-content\/uploads\/2014\/06\/Ank\u00fcndigung-Landesexkursion-2014_bearbeitet-2.jpg\"><img loading=\"lazy\" decoding=\"async\" class=\"wp-image-2042  \" alt=\"Ank\u00fcndigung Landesexkursion 2014_bearbeitet-2\" src=\"http:\/\/www.lov.li\/wp-content\/uploads\/2014\/06\/Ank\u00fcndigung-Landesexkursion-2014_bearbeitet-2-768x1024.jpg\" width=\"461\" height=\"614\" srcset=\"https:\/\/www.lov.li\/wp-content\/uploads\/2014\/06\/Ank\u00fcndigung-Landesexkursion-2014_bearbeitet-2-768x1024.jpg 768w, https:\/\/www.lov.li\/wp-content\/uploads\/2014\/06\/Ank\u00fcndigung-Landesexkursion-2014_bearbeitet-2-225x300.jpg 225w\" sizes=\"auto, (max-width: 461px) 100vw, 461px\" \/><\/a><figcaption id=\"caption-attachment-2042\" class=\"wp-caption-text\">Die Schwertlilien im Ruggeller Riet bl\u00fchen!<\/figcaption><\/figure>\n<p align=\"JUSTIFY\"><span style=\"font-family: Arial, sans-serif;\">Der Ornithologische Verein Liechtensteiner Unterland OVLU l\u00e4dt die Bev\u00f6lkerung zur Landesexkursion nach Ruggell ein. Treffpunkt ist am Pfingstmontag, 9. Juni um 6.00 Uhr bei der Vereinsh\u00fctte im Industriegebiet von Ruggell gegen\u00fcber der Firma Intervelo. <em>(Anklicken zum Weiterlesen) =&gt;<\/em><!--more--> Es stehen 5 Exkursionsleiter bereit, sehr erfahrenen Ornithologen aus der Region, und f\u00fchren die Exkursion einerseits dem Kanal entlang bis zum Auslauf in den Rhein und andererseits durchs Ruggeller Riet rund um die Naturschutzgebiete. Nach ungef\u00e4hr 2-3 Stunden treffen sich s\u00e4mtliche Gruppen zum gemeinsamen Fr\u00fchst\u00fcck im Bangshof ein. Weiters laden wir alle Interessierte zum 60 J\u00e4hrigen bestehen des OVLU die Ausstellung \u201eWie aus Kaninchen V\u00f6gel wurden\u201c ins K\u00fcefer-Martis-Huus zu besuchen. F\u00fcr das Grosse Interesse f\u00fcr den Vogel- und Naturschutz danken wir und begr\u00fcssen alle sehr herzlich. <\/span><\/p>\n","protected":false},"excerpt":{"rendered":"<p>Der Ornithologische Verein Liechtensteiner Unterland OVLU l\u00e4dt die Bev\u00f6lkerung zur Landesexkursion nach Ruggell ein. Treffpunkt ist am Pfingstmontag, 9. Juni um 6.00 Uhr bei der Vereinsh\u00fctte im Industriegebiet von Ruggell gegen\u00fcber der Firma Intervelo. (Anklicken zum Weiterlesen) =&gt;<\/p>\n","protected":false},"author":1,"featured_media":0,"comment_status":"closed","ping_status":"open","sticky":false,"template":"","format":"standard","meta":{"_uag_custom_page_level_css":"","footnotes":""},"categories":[14],"tags":[],"class_list":["post-2030","post","type-post","status-publish","format-standard","hentry","category-archivierte-beitraege-nvs"],"uagb_featured_image_src":{"full":false,"thumbnail":false,"medium":false,"medium_large":false,"large":false,"1536x1536":false,"2048x2048":false,"twentyseventeen-featured-image":false,"twentyseventeen-thumbnail-avatar":false},"uagb_author_info":{"display_name":"admin","author_link":"https:\/\/www.lov.li\/?author=1"},"uagb_comment_info":0,"uagb_excerpt":"Der Ornithologische Verein Liechtensteiner Unterland OVLU l\u00e4dt die Bev\u00f6lkerung zur Landesexkursion nach Ruggell ein. Treffpunkt ist am Pfingstmontag, 9. Juni um 6.00 Uhr bei der Vereinsh\u00fctte im Industriegebiet von Ruggell gegen\u00fcber der Firma Intervelo. (Anklicken zum Weiterlesen) =&gt;","_links":{"self":[{"href":"https:\/\/www.lov.li\/index.php?rest_route=\/wp\/v2\/posts\/2030","targetHints":{"allow":["GET"]}}],"collection":[{"href":"https:\/\/www.lov.li\/index.php?rest_route=\/wp\/v2\/posts"}],"about":[{"href":"https:\/\/www.lov.li\/index.php?rest_route=\/wp\/v2\/types\/post"}],"author":[{"embeddable":true,"href":"https:\/\/www.lov.li\/index.php?rest_route=\/wp\/v2\/users\/1"}],"replies":[{"embeddable":true,"href":"https:\/\/www.lov.li\/index.php?rest_route=%2Fwp%2Fv2%2Fcomments&post=2030"}],"version-history":[{"count":19,"href":"https:\/\/www.lov.li\/index.php?rest_route=\/wp\/v2\/posts\/2030\/revisions"}],"predecessor-version":[{"id":2054,"href":"https:\/\/www.lov.li\/index.php?rest_route=\/wp\/v2\/posts\/2030\/revisions\/2054"}],"wp:attachment":[{"href":"https:\/\/www.lov.li\/index.php?rest_route=%2Fwp%2Fv2%2Fmedia&parent=2030"}],"wp:term":[{"taxonomy":"category","embeddable":true,"href":"https:\/\/www.lov.li\/index.php?rest_route=%2Fwp%2Fv2%2Fcategories&post=2030"},{"taxonomy":"post_tag","embeddable":true,"href":"https:\/\/www.lov.li\/index.php?rest_route=%2Fwp%2Fv2%2Ftags&post=2030"}],"curies":[{"name":"wp","href":"https:\/\/api.w.org\/{rel}","templated":true}]}}