{"id":1855,"date":"2014-04-14T11:54:17","date_gmt":"2014-04-14T10:54:17","guid":{"rendered":"http:\/\/www.lov.li\/?p=1855"},"modified":"2026-01-15T16:32:53","modified_gmt":"2026-01-15T15:32:53","slug":"stunde-der-gartenvoegel-naechste-termine","status":"publish","type":"post","link":"https:\/\/www.lov.li\/?p=1855","title":{"rendered":"Stunde der Gartenv\u00f6gel: N\u00e4chste Termine"},"content":{"rendered":"\n<p>Gerne laden wir sie zu den weiteren Terminen im Rahmen des Kurz-Kurses \u201eStunde der Gartenv\u00f6gel\u201c ein.<\/p>\n\n\n\n<p><b><span style=\"text-decoration: underline;\">Exkursion<\/span><\/b><\/p>\n\n\n\n<p>Wir vertiefen das Gelernte in der Praxis mit einer Begehung im Siedlungsraum Schaan und schliessen den fr\u00fchen Vormittag mit einem kleinen Fr\u00fchst\u00fcck im Garten der Steinegerta, zu dem alle Teilnehmer eingeladen sind.<b>&nbsp;<\/b><\/p>\n\n\n\n<p><b>Datum<\/b>: Samstag 3. Mai, 06.00 Uhr<\/p>\n\n\n\n<p><b>Treffpunkt<\/b>: Steinegerta, Schaan<\/p>\n\n\n\n<p><b>Mitbringen<\/b>: Fernglas, Bestimmungsbuch<\/p>\n\n\n\n<p><b>Teilnehmer: <\/b>Eingeladen sind alle Kursteilnehmer, die Mitglieder des OVS und die Bev\u00f6lkerung von Schaan<\/p>\n\n\n\n<p>Alle Teilnehmer erhalten die<b> Brosch\u00fcre &#8222;Stunde der Gartenv\u00f6gel&#8220;<\/b><\/p>\n\n\n\n<p>Sie stellt die 40 h\u00e4ufigsten Vogelarten vor und gibt viele Tipps, wie man den Garten und die Hausumgebung vogelfreundlich gestalten kann.<b>&nbsp;<\/b><\/p>\n\n\n\n<p><b><span style=\"text-decoration: underline;\">Stunde der Gartenv\u00f6gel<\/span><\/b><\/p>\n\n\n\n<p>Beobachten und notieren sie 1 Stunde lang die V\u00f6gel in ihrem Garten, im Wohnumfeld oder in einem Park und melden sie diese per Internet, Smartphone oder Meldekarte dem Schweizer Vogelschutz SVS\/BirdLife Schweiz.<\/p>\n\n\n\n<p><b>Datum:<\/b> Fr. 9., Sa. 10. oder So. 11. Mai 2014<\/p>\n\n\n\n<p><b>Meldungen:<\/b> &nbsp;&nbsp;&nbsp;&nbsp;&nbsp;&nbsp; &#8211; \u00dcber die <i>Webseite<\/i> <a href=\"http:\/\/www.birdlife.ch\/gartenvoegel\">www.birdlife.ch\/gartenvoegel<\/a><\/p>\n\n\n\n<p>&#8211; Mit dem <i>Faltblatt<\/i> zum Melden der beobachteten Arten per Post (wird bei der Exkursion abgegeben)<\/p>\n\n\n\n<p>&#8211; Mit dem App f\u00fcr <i>Smartphones<\/i>, Informationen dazu ebenfalls auf der Webseite <a href=\"http:\/\/www.birdlife.ch\/gartenvoegel\">www.birdlife.ch\/gartenvoegel<\/a><\/p>\n\n\n\n<p>Machen Sie mit, g\u00f6nnen Sie sich ein paar interessante Stunden mit und in der Natur! Wir freuen uns auf Euch!<\/p>\n\n\n\n<p><b>Kontakt<\/b>: OVS c\/o G\u00fcnther Batliner, Tel.: 00423 777 2632<\/p>\n\n\n\n<p>Schaan, 0414\/bg<\/p>\n\n\n<div class=\"wp-block-image\">\n<figure class=\"alignleft\"><a href=\"http:\/\/www.lov.li\/wp-content\/uploads\/2012\/07\/Druckersymbol.png\"><img loading=\"lazy\" decoding=\"async\" width=\"119\" height=\"78\" src=\"http:\/\/www.lov.li\/wp-content\/uploads\/2012\/07\/Druckersymbol.png\" alt=\"Druckersymbol\" class=\"wp-image-1743\"\/><\/a><\/figure>\n<\/div>\n\n\n<p>&nbsp;&nbsp;&nbsp;<a href=\"http:\/\/www.lov.li\/wp-content\/uploads\/2014\/04\/Stunde-der-Gartenv\u00f6gel-N\u00e4chste-Termine.pdf\">Stunde der Gartenv\u00f6gel &#8211; N\u00e4chste Termine<\/a><\/p>\n\n\n\n<p><a href=\"http:\/\/www.lov.li\/wp-content\/uploads\/2012\/07\/Druckersymbol.png\">&nbsp;<\/a><\/p>\n\n\n\n<p>&nbsp;<\/p>\n\n\n\n<p><a href=\"http:\/\/www.lov.li\/wp-content\/uploads\/2012\/07\/Druckersymbol.png\">&nbsp;<\/a><\/p>\n","protected":false},"excerpt":{"rendered":"<p>Gerne laden wir sie zu den weiteren Terminen im Rahmen des Kurz-Kurses \u201eStunde der Gartenv\u00f6gel\u201c ein. Exkursion Wir vertiefen das Gelernte in der Praxis mit einer Begehung im Siedlungsraum Schaan und schliessen den fr\u00fchen Vormittag mit einem kleinen Fr\u00fchst\u00fcck im Garten der Steinegerta, zu dem alle Teilnehmer eingeladen sind.&nbsp; Datum: Samstag 3. Mai, 06.00 Uhr &hellip; <\/p>\n<p class=\"link-more\"><a href=\"https:\/\/www.lov.li\/?p=1855\" class=\"more-link\"><span class=\"screen-reader-text\">\u201eStunde der Gartenv\u00f6gel: N\u00e4chste Termine\u201c <\/span>weiterlesen<\/a><\/p>\n","protected":false},"author":1,"featured_media":0,"comment_status":"closed","ping_status":"open","sticky":false,"template":"","format":"standard","meta":{"_uag_custom_page_level_css":"","footnotes":""},"categories":[14],"tags":[],"class_list":["post-1855","post","type-post","status-publish","format-standard","hentry","category-archivierte-beitraege-nvs"],"uagb_featured_image_src":{"full":false,"thumbnail":false,"medium":false,"medium_large":false,"large":false,"1536x1536":false,"2048x2048":false,"twentyseventeen-featured-image":false,"twentyseventeen-thumbnail-avatar":false},"uagb_author_info":{"display_name":"admin","author_link":"https:\/\/www.lov.li\/?author=1"},"uagb_comment_info":0,"uagb_excerpt":"Gerne laden wir sie zu den weiteren Terminen im Rahmen des Kurz-Kurses \u201eStunde der Gartenv\u00f6gel\u201c ein. Exkursion Wir vertiefen das Gelernte in der Praxis mit einer Begehung im Siedlungsraum Schaan und schliessen den fr\u00fchen Vormittag mit einem kleinen Fr\u00fchst\u00fcck im Garten der Steinegerta, zu dem alle Teilnehmer eingeladen sind.&nbsp; Datum: Samstag 3. Mai, 06.00 Uhr&hellip;","_links":{"self":[{"href":"https:\/\/www.lov.li\/index.php?rest_route=\/wp\/v2\/posts\/1855","targetHints":{"allow":["GET"]}}],"collection":[{"href":"https:\/\/www.lov.li\/index.php?rest_route=\/wp\/v2\/posts"}],"about":[{"href":"https:\/\/www.lov.li\/index.php?rest_route=\/wp\/v2\/types\/post"}],"author":[{"embeddable":true,"href":"https:\/\/www.lov.li\/index.php?rest_route=\/wp\/v2\/users\/1"}],"replies":[{"embeddable":true,"href":"https:\/\/www.lov.li\/index.php?rest_route=%2Fwp%2Fv2%2Fcomments&post=1855"}],"version-history":[{"count":6,"href":"https:\/\/www.lov.li\/index.php?rest_route=\/wp\/v2\/posts\/1855\/revisions"}],"predecessor-version":[{"id":6577,"href":"https:\/\/www.lov.li\/index.php?rest_route=\/wp\/v2\/posts\/1855\/revisions\/6577"}],"wp:attachment":[{"href":"https:\/\/www.lov.li\/index.php?rest_route=%2Fwp%2Fv2%2Fmedia&parent=1855"}],"wp:term":[{"taxonomy":"category","embeddable":true,"href":"https:\/\/www.lov.li\/index.php?rest_route=%2Fwp%2Fv2%2Fcategories&post=1855"},{"taxonomy":"post_tag","embeddable":true,"href":"https:\/\/www.lov.li\/index.php?rest_route=%2Fwp%2Fv2%2Ftags&post=1855"}],"curies":[{"name":"wp","href":"https:\/\/api.w.org\/{rel}","templated":true}]}}